{"id":610,"date":"2016-10-28T07:22:50","date_gmt":"2016-10-28T07:22:50","guid":{"rendered":"https:\/\/diocesanos.es\/blogs\/orientadioce\/?p=610"},"modified":"2016-10-28T07:22:50","modified_gmt":"2016-10-28T07:22:50","slug":"como-se-accedera-a-la-universidad-tras-quedar-sin-efecto-las-revalidas","status":"publish","type":"post","link":"https:\/\/diocesanos.es\/blogs\/orientadioce\/2016\/10\/28\/como-se-accedera-a-la-universidad-tras-quedar-sin-efecto-las-revalidas\/","title":{"rendered":"\u00bfC\u00f3mo se acceder\u00e1 a la Universidad tras quedar sin efecto las rev\u00e1lidas?"},"content":{"rendered":"<p>\t<!--\n\t\t@page { margin: 2cm }\n\t\tP { margin-bottom: 0.21cm }\n\t--><\/p>\n<p align=\"JUSTIFY\"><img loading=\"lazy\" decoding=\"async\" class=\"alignnone size-medium wp-image-240 alignleft\" src=\"https:\/\/diocesanos.es\/blogs\/orientadioce\/wp-content\/uploads\/sites\/11\/2015\/01\/curso-tecnicas-de-estudio-gratis-300x281.jpg\" alt=\"student with stack of books\" width=\"300\" height=\"281\" srcset=\"https:\/\/diocesanos.es\/blogs\/orientadioce\/wp-content\/uploads\/sites\/11\/2015\/01\/curso-tecnicas-de-estudio-gratis-300x281.jpg 300w, https:\/\/diocesanos.es\/blogs\/orientadioce\/wp-content\/uploads\/sites\/11\/2015\/01\/curso-tecnicas-de-estudio-gratis-246x230.jpg 246w, https:\/\/diocesanos.es\/blogs\/orientadioce\/wp-content\/uploads\/sites\/11\/2015\/01\/curso-tecnicas-de-estudio-gratis.jpg 358w\" sizes=\"auto, (max-width: 300px) 100vw, 300px\" \/>El ministro de Educaci\u00f3n, \u00cd\u00f1igo M\u00e9ndez de Vigo, ha explicado esta ma\u00f1ana (27 de octubre) en el Congreso el anuncio de Rajoy sobre la suspensi\u00f3n del car\u00e1cter acad\u00e9mico de las rev\u00e1lidas para pasar de 4\u00ba de la ESO a Bachiller o para obtener el t\u00edtulo de Bachillerato y ha dicho que es una \u00abapertura que demuestra a las claras la voluntad del Gobierno del PP de alcanzar un Pacto Educativo\u00bb. \u00abEs lo que demanda la gente (que este mi\u00e9rcoles sali\u00f3 a la calle para protestar contra estas pruebas) y tambi\u00e9n la revoluci\u00f3n tecnol\u00f3gica digital. Dar seguridad, dar certidumbre a las familias y los docentes durante los pr\u00f3ximos 10 o 15 a\u00f1os\u00bb, ha defendido.<\/p>\n<p align=\"JUSTIFY\">M\u00e9ndez de Vigo ha sostenido que ha sido una iniciativa de Rajoy, realizada tras la petici\u00f3n en la tribuna que le ha hecho el portavoz socialista, Antonio Hernando, y que obedece a la apuesta del PP por un pacto nacional de la educaci\u00f3n. Seg\u00fan el ministro, la consecuencia inmediata es que las evaluaciones de 4\u00ba y de 2\u00ba de Bachillerato se suspenden hasta que se alcance el acuerdo. \u00abEsto significa que en 4\u00ba de la ESO se realizar\u00e1n los ex\u00e1menes pero no tendr\u00e1 validez acad\u00e9mica, es decir, que se pasar\u00e1 a Bachillerato independientemente del resultado, y en 2\u00ba de Bachillerato no ser\u00e1 necesario aprobar la rev\u00e1lida para obtener el t\u00edtulo\u00bb.<\/p>\n<p align=\"JUSTIFY\">La Lomce ya establec\u00eda que este a\u00f1o, el primero de su aplicaci\u00f3n, quienes aprobaran 2\u00ba de Bachillerato lograr\u00edan el t\u00edtulo aunque no aprobaran la rev\u00e1lida. Pero no suceder\u00eda as\u00ed a partir de 2018, en la que la prueba ser\u00eda vinculante. Es esta circunstancia la mayor novedad del anuncio realizado por Rajoy.<\/p>\n<p align=\"JUSTIFY\">Las pruebas de rev\u00e1lida van a seguir, como ha defendido el ministro, porque \u00abel sistema que no se eval\u00faa, se deval\u00faa\u00bb, pero s\u00f3lo contar\u00e1 para acceder a la Universidad y puntuar\u00e1 igual que la Selectividad actual. \u00abLa rev\u00e1lida que tendr\u00e1 car\u00e1cter de evaluaci\u00f3n es la que servir\u00e1 de acceso de la Universidad\u00bb. Este examen ha sido acordado con la Conferencia de Rectores y, pr\u00f3ximamente, sacaremos una orden ministerial, ha se\u00f1alado el ministro. \u00abSer\u00e1 muy parecida a la antigua PAU (Selectividad) pero el Ministerio tendr\u00e1 una mayor competencia en los contenidos de ese examen respetando la autonom\u00eda de las comunidades.<\/p>\n<p align=\"JUSTIFY\">El responsable de Educaci\u00f3n ha insistido de que al final de Bachillerato se realizar\u00e1 una \u00fanica prueba, una \u00fanica rev\u00e1lida, que servir\u00e1 tanto para de evaluaci\u00f3n interna como para acceder a la Universidad.<\/p>\n<p><b>\u00bfQu\u00e9 implica la suspensi\u00f3n del efecto acad\u00e9mico de las rev\u00e1lidas?<\/b><\/p>\n<p align=\"JUSTIFY\">Lo m\u00e1s significativo, seg\u00fan informan fuentes del Ministerio de Educaci\u00f3n, es que las rev\u00e1lidas -una de las medidas m\u00e1s pol\u00e9micas de la reforma educativa del ex ministro Wert- \u00abno ser\u00e1n necesarias para obtener el t\u00edtulo acad\u00e9mico\u00bb, como hasta ahora recog\u00eda la Lomce. Es decir, las rev\u00e1lidas ya no ser\u00e1n rev\u00e1lidas. De hecho, este curso estas pruebas no iban a contar para titular pero s\u00ed lo har\u00edan a partir del que viene. Con el anuncio de Rajoy, esto ya no ser\u00e1 as\u00ed. La prueba final de 4\u00ba de la ESO se seguir\u00e1 realizando pero tendr\u00e1 s\u00f3lo un valor diagn\u00f3stico, nada m\u00e1s (al igual que las de 3\u00ba y 6\u00ba de primaria). La de 2\u00ba de Bachillerato tampoco contar\u00e1 para obtener el t\u00edtulo, aunque s\u00ed puntuar\u00e1 para acceder a la Universidad, ya que la Selectividad ha desaparecido. Sin embargo, no ser\u00e1 obligatoria para los estudiantes que no quieran cursar estudios universitarios.<\/p>\n<p><b>\u00bfC\u00f3mo ser\u00e1 la prueba de acceso a la Universidad?<img loading=\"lazy\" decoding=\"async\" class=\"alignnone size-full wp-image-183 alignleft\" src=\"https:\/\/diocesanos.es\/blogs\/orientadioce\/wp-content\/uploads\/sites\/11\/2014\/10\/imagen-6.png\" alt=\"imagen 6\" width=\"272\" height=\"156\" \/><\/b><\/p>\n<p align=\"JUSTIFY\">El titular de Educaci\u00f3n ha se\u00f1alado que esta prueba se ha \u00abnegociado y acordado\u00bb con los rectores y que \u00abpr\u00f3ximamente\u00bb se publicar\u00e1 una orden ministerial con los detalles, \u00abpara que todo el mundo sepa de qu\u00e9 se trata\u00bb. De hecho, Daniel Hern\u00e1ndez Ruip\u00e9rez, el rector de la Universidad de Salamanca, ha confirmado a EFE que \u00abla pr\u00f3xima semana habr\u00e1 otra reuni\u00f3n de la Conferencia de Rectores CRUE, para concretar un nuevo modelo de acceso a las universidades\u00bb.<\/p>\n<p align=\"JUSTIFY\">Ante la incertidumbre de la comunidad educativa, que casi dos meses despu\u00e9s de haberse iniciado el curso a\u00fan no saben c\u00f3mo ser\u00e1 el examen para entrar en la Unviersidad, desde Educaci\u00f3n piden \u00abtranquilidad\u00bb y aseguran que ser\u00e1 \u00abmuy similar a la anterior PAU (Prueba de Acceso a la Universidad), con una estructura casi id\u00e9ntica, aunque el Ministerio intervendr\u00e1 m\u00e1s en la realizaci\u00f3n de la misma\u00bb. Queda eliminada la idea de Wert de examinar a todos los estudiantes de las mismas materias, a la misma hora. Ser\u00e1n las Universidades y las CCAA las que elaboren estos ex\u00e1menes, como hasta ahora, aunque el Gobierno central quiere intervenir m\u00e1s. Y, en teor\u00eda, se mantendr\u00e1 el distrito \u00fanico. Es decir, que si un alumno se examina en Galicia y aprueba, con esa nota puede entrar en una Universidad de Valencia, por ejemplo.<\/p>\n<p>Los alumnos de 2\u00ba de Bachillerato tendr\u00e1n que examinarse en cuatro d\u00edas -cinco en las CCAA con lengua cooficial- y las pruebas incluir\u00e1n preguntas tipo test -con una sola respuesta correcta-, semiabiertas, con una respuesta v\u00e1lida que exige una explicaci\u00f3n breve por parte del alumno y abiertas, que requieren que el estudiante se explaye. Cada examen durar\u00e1 90 minutos y habr\u00e1 20 minutos de descanso entre uno y otro.<\/p>\n<p>En cuanto a las materias, la prueba, tal y como estaba concebida, versar\u00e1 sobre siete asignaturas obligatorias. Cuatro ser\u00e1n troncales generales (Lengua y Literatura, idioma extranjero, Historia, Filosof\u00eda y, lengua cooficial en aquellas CCAA que lo requieran); dos ex\u00e1menes ser\u00e1n sobre troncales de la modalidad de Bachillerato elegido y un \u00faltimo ser\u00e1 sobre una asignatura espec\u00edfica.<\/p>\n<p><b>\u00bfQu\u00e9 nota hay que sacar para entrar en la Universidad?<\/b><\/p>\n<p align=\"JUSTIFY\">La calificaci\u00f3n para el acceso a la universidad se calcular\u00e1 ponderando un 40% la calificaci\u00f3n de la evaluaci\u00f3n final y un 60% la nota media del expediente acad\u00e9mico. Se entender\u00e1 que se re\u00fanen los requisitos de acceso cuando el resultado de esta ponderaci\u00f3n sea igual o superior a 5 puntos.<\/p>\n<p><b>\u00bfCu\u00e1ndo se realizar\u00e1n?<\/b><\/p>\n<p>Hasta que se conozcan los detalles de la nueva orden ministerial, que pueden llevar cambios, las rev\u00e1lidas de la ESO correspondientes al curso 2016-17 en convocatoria \u00fanica estaban fijadas para finalizar antes del 24 de junio y los resultados deber\u00edan ser publicados antes del 15 de julio. Las de Bachillerato deber\u00edan finalizar antes del 10 de junio y los resultados deber\u00edan ser publicados antes del 24 de junio. Tambi\u00e9n cabe una convocatoria extraordinaria anterior al 8 de julio cuyos resultados deben publicarse antes del 23 o, en el caso de hacerse en septiembre, antes del 9 y cuyos resultados se publicar\u00edan antes del 23.<\/p>\n<p><b>\u00bfHasta cu\u00e1ndo ser\u00e1 esta suspensi\u00f3n anunciada por Rajoy?<\/b><\/p>\n<p align=\"JUSTIFY\">La suspensi\u00f3n del efecto acad\u00e9mico de las rev\u00e1lidas se mantendr\u00e1, seg\u00fan Rajoy, hasta que se logre un Pacto Educativo. \u00bfCu\u00e1ndo ser\u00e1 eso? Pues aunque la comunidad educativa y el propio presidente del Gobierno esperan lograrlo en un plazo de seis meses, lo cierto es que se puede alargar a\u00f1os. Y hasta que se consiga o se elabore otra norma que sustituya a la Lomce, las rev\u00e1lidas no contar\u00e1n salvo para entrar en la Universidad.<\/p>\n","protected":false},"excerpt":{"rendered":"<p>El ministro de Educaci\u00f3n, \u00cd\u00f1igo M\u00e9ndez de Vigo, ha explicado esta ma\u00f1ana (27 de octubre) en el Congreso el anuncio de Rajoy sobre la suspensi\u00f3n del car\u00e1cter acad\u00e9mico de las rev\u00e1lidas para pasar de 4\u00ba de la ESO a Bachiller o para obtener el t\u00edtulo de Bachillerato y ha dicho que es una \u00abapertura que [&hellip;]<\/p>\n","protected":false},"author":14,"featured_media":0,"comment_status":"open","ping_status":"open","sticky":false,"template":"","format":"standard","meta":{"footnotes":""},"categories":[1],"tags":[],"class_list":["post-610","post","type-post","status-publish","format-standard","hentry","category-sin-categoria"],"_links":{"self":[{"href":"https:\/\/diocesanos.es\/blogs\/orientadioce\/wp-json\/wp\/v2\/posts\/610","targetHints":{"allow":["GET"]}}],"collection":[{"href":"https:\/\/diocesanos.es\/blogs\/orientadioce\/wp-json\/wp\/v2\/posts"}],"about":[{"href":"https:\/\/diocesanos.es\/blogs\/orientadioce\/wp-json\/wp\/v2\/types\/post"}],"author":[{"embeddable":true,"href":"https:\/\/diocesanos.es\/blogs\/orientadioce\/wp-json\/wp\/v2\/users\/14"}],"replies":[{"embeddable":true,"href":"https:\/\/diocesanos.es\/blogs\/orientadioce\/wp-json\/wp\/v2\/comments?post=610"}],"version-history":[{"count":1,"href":"https:\/\/diocesanos.es\/blogs\/orientadioce\/wp-json\/wp\/v2\/posts\/610\/revisions"}],"predecessor-version":[{"id":611,"href":"https:\/\/diocesanos.es\/blogs\/orientadioce\/wp-json\/wp\/v2\/posts\/610\/revisions\/611"}],"wp:attachment":[{"href":"https:\/\/diocesanos.es\/blogs\/orientadioce\/wp-json\/wp\/v2\/media?parent=610"}],"wp:term":[{"taxonomy":"category","embeddable":true,"href":"https:\/\/diocesanos.es\/blogs\/orientadioce\/wp-json\/wp\/v2\/categories?post=610"},{"taxonomy":"post_tag","embeddable":true,"href":"https:\/\/diocesanos.es\/blogs\/orientadioce\/wp-json\/wp\/v2\/tags?post=610"}],"curies":[{"name":"wp","href":"https:\/\/api.w.org\/{rel}","templated":true}]}}