{"id":579,"date":"2016-03-09T08:36:17","date_gmt":"2016-03-09T08:36:17","guid":{"rendered":"https:\/\/diocesanos.es\/blogs\/orientadioce\/?p=579"},"modified":"2016-03-09T08:36:17","modified_gmt":"2016-03-09T08:36:17","slug":"internet-seguro","status":"publish","type":"post","link":"https:\/\/diocesanos.es\/blogs\/orientadioce\/2016\/03\/09\/internet-seguro\/","title":{"rendered":"\u00a1INTERNET SEGURO!"},"content":{"rendered":"<p><img loading=\"lazy\" decoding=\"async\" class=\"wp-image-580 aligncenter\" src=\"https:\/\/diocesanos.es\/blogs\/orientadioce\/wp-content\/uploads\/sites\/11\/2016\/03\/imagen-internet-sano.gif\" alt=\"imagen internet sano\" width=\"334\" height=\"340\" \/><\/p>\n<p>&nbsp;<\/p>\n<p style=\"text-align: justify\">Este martes 08 de marzo, desde el Departamento de Orientaci\u00f3n y como parte de <strong><em>PREMISA-<\/em><em>Escuela de Padres<\/em><\/strong>, tuvimos una charla-coloquio con padres y madres\u00a0de alumnos de nuestro cole sobre <strong><em>el buen uso de las Nuevas Tecnolog\u00edas<\/em><\/strong>.<\/p>\n<p style=\"text-align: justify\">Vivimos en la sociedad de la informaci\u00f3n y no podemos mantenernos al margen de los avances que se van produciendo de manera continua. Durante las \u00faltimas d\u00e9cadas se han modificado las formas de relacionarnos, de informarnos y, por tanto, de entender la realidad. Sin embargo, existe en los padres y madres un cierto temor debido a que todav\u00eda no se conocen en profundidad las repercusiones de estos cambios, es un medio que no conocemos en su totalidad y que, por tanto, nos crea desconfianza. Pese a todo ello, el inter\u00e9s de nuestros hijos hac\u00eda las nuevas tecnolog\u00edas es innegable y no podemos dar la espalda a este hecho. Todos ellos saben manejar internet, el m\u00f3vil&#8230;pero \u00bfsaben hacer un uso responsable? Ese debe ser nuestro objetivo, ense\u00f1ar a utilizar las nuevas tecnolog\u00edas de forma segura, promoviendo sus muchos beneficios y evitando sus peligros.<\/p>\n<p style=\"text-align: justify\">Algunos de los consejos que surgieron a lo largo de la sesi\u00f3n fueron los siguientes:<\/p>\n<ol>\n<li style=\"text-align: justify\"><span style=\"color: #000000\">No dar datos personales<\/span><\/li>\n<li><span style=\"color: #000000\">Rechazar archivos desconocidos<\/span><\/li>\n<li><span style=\"color: #000000\">Alguien desconocido NO es un\/a amigo\/a<\/span><\/li>\n<li><span style=\"color: #000000\">Utilizar un buen antivirus y cortafuego<\/span><\/li>\n<li><span style=\"color: #000000\">Si hay algo que te molesta o te resulta inc\u00f3modo, pide ayuda a un adulto<\/span><\/li>\n<\/ol>\n<p style=\"text-align: justify\">Todo esto y mucho m\u00e1s -recursos en la red, aplicaciones educativas&#8230;-\u00a0pod\u00e9is consultarlo en la presentaci\u00f3n de la charla-coloquio que os facilitamos en el siguiente enlace:<\/p>\n<p style=\"text-align: justify\">\n<h3 style=\"text-align: center\"><a href=\"https:\/\/diocesanos.es\/blogs\/orientadioce\/wp-content\/uploads\/sites\/11\/2016\/03\/INTERNET-08-03-16.pdf\" rel=\"\"><strong>INTERNET SANO<\/strong><\/a><\/h3>\n<p>&nbsp;<\/p>\n","protected":false},"excerpt":{"rendered":"<p>&nbsp; Este martes 08 de marzo, desde el Departamento de Orientaci\u00f3n y como parte de PREMISA-Escuela de Padres, tuvimos una charla-coloquio con padres y madres\u00a0de alumnos de nuestro cole sobre el buen uso de las Nuevas Tecnolog\u00edas. Vivimos en la sociedad de la informaci\u00f3n y no podemos mantenernos al margen de los avances que se [&hellip;]<\/p>\n","protected":false},"author":14,"featured_media":0,"comment_status":"open","ping_status":"open","sticky":false,"template":"","format":"standard","meta":{"footnotes":""},"categories":[1],"tags":[],"class_list":["post-579","post","type-post","status-publish","format-standard","hentry","category-sin-categoria"],"_links":{"self":[{"href":"https:\/\/diocesanos.es\/blogs\/orientadioce\/wp-json\/wp\/v2\/posts\/579","targetHints":{"allow":["GET"]}}],"collection":[{"href":"https:\/\/diocesanos.es\/blogs\/orientadioce\/wp-json\/wp\/v2\/posts"}],"about":[{"href":"https:\/\/diocesanos.es\/blogs\/orientadioce\/wp-json\/wp\/v2\/types\/post"}],"author":[{"embeddable":true,"href":"https:\/\/diocesanos.es\/blogs\/orientadioce\/wp-json\/wp\/v2\/users\/14"}],"replies":[{"embeddable":true,"href":"https:\/\/diocesanos.es\/blogs\/orientadioce\/wp-json\/wp\/v2\/comments?post=579"}],"version-history":[{"count":1,"href":"https:\/\/diocesanos.es\/blogs\/orientadioce\/wp-json\/wp\/v2\/posts\/579\/revisions"}],"predecessor-version":[{"id":582,"href":"https:\/\/diocesanos.es\/blogs\/orientadioce\/wp-json\/wp\/v2\/posts\/579\/revisions\/582"}],"wp:attachment":[{"href":"https:\/\/diocesanos.es\/blogs\/orientadioce\/wp-json\/wp\/v2\/media?parent=579"}],"wp:term":[{"taxonomy":"category","embeddable":true,"href":"https:\/\/diocesanos.es\/blogs\/orientadioce\/wp-json\/wp\/v2\/categories?post=579"},{"taxonomy":"post_tag","embeddable":true,"href":"https:\/\/diocesanos.es\/blogs\/orientadioce\/wp-json\/wp\/v2\/tags?post=579"}],"curies":[{"name":"wp","href":"https:\/\/api.w.org\/{rel}","templated":true}]}}