{"id":571,"date":"2016-02-03T13:49:05","date_gmt":"2016-02-03T13:49:05","guid":{"rendered":"https:\/\/diocesanos.es\/blogs\/orientadioce\/?p=571"},"modified":"2016-02-03T13:54:12","modified_gmt":"2016-02-03T13:54:12","slug":"programa-orienta-20152016","status":"publish","type":"post","link":"https:\/\/diocesanos.es\/blogs\/orientadioce\/2016\/02\/03\/programa-orienta-20152016\/","title":{"rendered":"PROGRAMA ORIENTA 2015\/2016"},"content":{"rendered":"<p><span style=\"color: #000000\">Uno de los objetivos principales del <\/span><span style=\"color: #000000\"><u>Departamento de Orientaci\u00f3n<\/u><\/span><span style=\"color: #000000\"> es la <\/span><strong><span style=\"color: #000000\">Orientaci\u00f3n Acad\u00e9mico-Profesional<\/span><\/strong><span style=\"color: #000000\"> de nuestros alumnos, as\u00ed como ayudarles a tomar decisiones para su futuro acad\u00e9mico. Para ello, entre otras actividades, se presenta cada curso, en 3\u00ba y 4\u00ba de ESO el <\/span><span style=\"color: #000000\"><b>PROGRAMA<\/b><\/span> <strong><span style=\"color: #000000\">ORIENTA<\/span><\/strong><span style=\"color: #000000\">, una interesante herramienta inform\u00e1tica que re\u00fane las distintas alternativas e itinerarios posibles en cualquiera de los niveles educativos donde os encontr\u00e9is.<\/span><\/p>\n<p><img loading=\"lazy\" decoding=\"async\" class=\"size-medium wp-image-31 aligncenter\" src=\"https:\/\/diocesanos.es\/blogs\/orientadioce\/wp-content\/uploads\/sites\/11\/2014\/05\/orienta-300x233.png\" alt=\"orienta\" width=\"300\" height=\"233\" srcset=\"https:\/\/diocesanos.es\/blogs\/orientadioce\/wp-content\/uploads\/sites\/11\/2014\/05\/orienta-300x233.png 300w, https:\/\/diocesanos.es\/blogs\/orientadioce\/wp-content\/uploads\/sites\/11\/2014\/05\/orienta-1024x795.png 1024w, https:\/\/diocesanos.es\/blogs\/orientadioce\/wp-content\/uploads\/sites\/11\/2014\/05\/orienta-296x230.png 296w, https:\/\/diocesanos.es\/blogs\/orientadioce\/wp-content\/uploads\/sites\/11\/2014\/05\/orienta.png 1027w\" sizes=\"auto, (max-width: 300px) 100vw, 300px\" \/><\/p>\n<p align=\"left\"><span style=\"color: #000000\">En el siguiente enlace, podr\u00e9is visualizar una versi\u00f3n reducida del programa, Orientaline, tambi\u00e9n disponible para descargar en un m\u00f3vil con conexi\u00f3n a internet:<\/span><\/p>\n<p align=\"left\"><strong><span style=\"color: #000000\"><a href=\"http:\/\/www.orientaline.es\/?yafxb=41762\" target=\"_blank\">ORIENTALINE<\/a> <\/span><\/strong><strong><span style=\"color: #000000\">http:\/\/www.orientaline.es\/?yafxb=41762<\/span><\/strong><\/p>\n<p align=\"left\"><span style=\"color: #000000\">Tambi\u00e9n, pod\u00e9is descargar el programa en el siguiente enlace, para poderlo consultar en vuestra casa, las veces que necesit\u00e9is:<\/span><\/p>\n<p align=\"left\"><strong><span style=\"color: #000000\"><a href=\"http:\/\/www.elorienta.com\/colegiosdiocesanos\/\" target=\"_blank\">Blog del Programa Orienta<\/a> <\/span><\/strong> <span style=\"color: #000000\">http:\/\/www.elorienta.com\/colegiosdiocesanos\/<\/span><\/p>\n<p align=\"left\"><span style=\"color: #000000\">\u00a0 (Para descargarlo, solo deber\u00e9is ir a la parte superior derecha de este blog, donde pone BAJAR EL ORIENTA)<\/span><\/p>\n<p align=\"center\"><span style=\"color: #000000\"><img loading=\"lazy\" decoding=\"async\" class=\"size-full wp-image-574 aligncenter\" src=\"https:\/\/diocesanos.es\/blogs\/orientadioce\/wp-content\/uploads\/sites\/11\/2016\/02\/ORIENTA.png\" alt=\"ORIENTA\" width=\"177\" height=\"272\" srcset=\"https:\/\/diocesanos.es\/blogs\/orientadioce\/wp-content\/uploads\/sites\/11\/2016\/02\/ORIENTA.png 177w, https:\/\/diocesanos.es\/blogs\/orientadioce\/wp-content\/uploads\/sites\/11\/2016\/02\/ORIENTA-150x230.png 150w\" sizes=\"auto, (max-width: 177px) 100vw, 177px\" \/> <\/span><\/p>\n<p style=\"text-align: center\" align=\"left\"><span style=\"color: #000000\">\u00a0\u00a0\u00a0\u00a0\u00a0\u00a0\u00a0\u00a0\u00a0\u00a0\u00a0\u00a0\u00a0\u00a0\u00a0\u00a0\u00a0\u00a0\u00a0\u00a0\u00a0\u00a0\u00a0\u00a0\u00a0\u00a0\u00a0\u00a0\u00a0\u00a0\u00a0\u00a0\u00a0\u00a0\u00a0\u00a0\u00a0\u00a0\u00a0 Y recuerda\u2026Para tomar cualquier decisi\u00f3n, antes hay que estar bien informado. <\/span><\/p>\n","protected":false},"excerpt":{"rendered":"<p>Uno de los objetivos principales del Departamento de Orientaci\u00f3n es la Orientaci\u00f3n Acad\u00e9mico-Profesional de nuestros alumnos, as\u00ed como ayudarles a tomar decisiones para su futuro acad\u00e9mico. Para ello, entre otras actividades, se presenta cada curso, en 3\u00ba y 4\u00ba de ESO el PROGRAMA ORIENTA, una interesante herramienta inform\u00e1tica que re\u00fane las distintas alternativas e itinerarios [&hellip;]<\/p>\n","protected":false},"author":14,"featured_media":0,"comment_status":"open","ping_status":"open","sticky":false,"template":"","format":"standard","meta":{"footnotes":""},"categories":[8,3],"tags":[],"class_list":["post-571","post","type-post","status-publish","format-standard","hentry","category-educacion-secundaria-obligatoria","category-o-acad-prof"],"_links":{"self":[{"href":"https:\/\/diocesanos.es\/blogs\/orientadioce\/wp-json\/wp\/v2\/posts\/571","targetHints":{"allow":["GET"]}}],"collection":[{"href":"https:\/\/diocesanos.es\/blogs\/orientadioce\/wp-json\/wp\/v2\/posts"}],"about":[{"href":"https:\/\/diocesanos.es\/blogs\/orientadioce\/wp-json\/wp\/v2\/types\/post"}],"author":[{"embeddable":true,"href":"https:\/\/diocesanos.es\/blogs\/orientadioce\/wp-json\/wp\/v2\/users\/14"}],"replies":[{"embeddable":true,"href":"https:\/\/diocesanos.es\/blogs\/orientadioce\/wp-json\/wp\/v2\/comments?post=571"}],"version-history":[{"count":3,"href":"https:\/\/diocesanos.es\/blogs\/orientadioce\/wp-json\/wp\/v2\/posts\/571\/revisions"}],"predecessor-version":[{"id":576,"href":"https:\/\/diocesanos.es\/blogs\/orientadioce\/wp-json\/wp\/v2\/posts\/571\/revisions\/576"}],"wp:attachment":[{"href":"https:\/\/diocesanos.es\/blogs\/orientadioce\/wp-json\/wp\/v2\/media?parent=571"}],"wp:term":[{"taxonomy":"category","embeddable":true,"href":"https:\/\/diocesanos.es\/blogs\/orientadioce\/wp-json\/wp\/v2\/categories?post=571"},{"taxonomy":"post_tag","embeddable":true,"href":"https:\/\/diocesanos.es\/blogs\/orientadioce\/wp-json\/wp\/v2\/tags?post=571"}],"curies":[{"name":"wp","href":"https:\/\/api.w.org\/{rel}","templated":true}]}}