{"id":542,"date":"2015-11-23T10:41:29","date_gmt":"2015-11-23T10:41:29","guid":{"rendered":"https:\/\/diocesanos.es\/blogs\/orientadioce\/?p=542"},"modified":"2015-11-23T10:41:29","modified_gmt":"2015-11-23T10:41:29","slug":"importancia-de-la-psicomotricidad-en-infantil-y-primaria","status":"publish","type":"post","link":"https:\/\/diocesanos.es\/blogs\/orientadioce\/2015\/11\/23\/importancia-de-la-psicomotricidad-en-infantil-y-primaria\/","title":{"rendered":"\u00a1IMPORTANCIA DE LA PSICOMOTRICIDAD EN INFANTIL Y PRIMARIA!"},"content":{"rendered":"<p>Desde el Departamento de Orientaci\u00f3n hemos llevado a cabo con los alumnos de primer curso de Educaci\u00f3n Infantil la evaluaci\u00f3n de la psicomotricidad (coordinaci\u00f3n motora y habilidades perceptivo-manipulativas) de los ni\u00f1os.<\/p>\n<p>Es necesario que, tanto en Educaci\u00f3n Infantil como Primaria, se adquieran y asienten determinadas destrezas para realizar las actividades habituales con cierta autonom\u00eda, responsabilidad e iniciativa. El desarrollo psicomotor del\/ de la ni\u00f1o\/a va a depender tanto de la maduraci\u00f3n biol\u00f3gica, de la estimulaci\u00f3n as\u00ed como de la interacci\u00f3n de ambas. Por ello, desde el colegio tenemos como objetivo principal que el ni\u00f1o\/a conozca su cuerpo y lo controle, realizando la intervenci\u00f3n pertinente.<\/p>\n<p>Desde el \u00e1mbito familiar es recomendable promover tambi\u00e9n\u00a0este tipo de habilidades con el fin de optimizar el desarrollo a nivel motor y perceptivo-manipulativo de nuestros hijos. Por ello, os proporcionamos algunos recursos y materiales que os pueden resultar \u00fatiles (pinchar encima de los siguientes\u00a0enlaces para acceder):<\/p>\n<p><a href=\"https:\/\/diocesanos.es\/blogs\/orientadioce\/wp-content\/uploads\/sites\/11\/2015\/11\/psicomotricidad.png\"><img loading=\"lazy\" decoding=\"async\" class=\"wp-image-543 aligncenter\" src=\"https:\/\/diocesanos.es\/blogs\/orientadioce\/wp-content\/uploads\/sites\/11\/2015\/11\/psicomotricidad-300x158.png\" alt=\"psicomotricidad\" width=\"426\" height=\"224\" srcset=\"https:\/\/diocesanos.es\/blogs\/orientadioce\/wp-content\/uploads\/sites\/11\/2015\/11\/psicomotricidad-300x158.png 300w, https:\/\/diocesanos.es\/blogs\/orientadioce\/wp-content\/uploads\/sites\/11\/2015\/11\/psicomotricidad.png 310w\" sizes=\"auto, (max-width: 426px) 100vw, 426px\" \/><\/a><\/p>\n<p>&nbsp;<\/p>\n<p style=\"text-align: center\"><a href=\"http:\/\/mllamaseducacionfisica.blogspot.com.es\/2013\/01\/ud-percepcion-espacio-temporal.html\">Percepci\u00f3n espacio-temporal<\/a><\/p>\n<p style=\"text-align: center\"><a href=\"http:\/\/www.educacionfisicaenprimaria.es\/\">Educaci\u00f3n F\u00edsica en Infantil y Primaria<\/a><\/p>\n<p style=\"text-align: center\"><a href=\"http:\/\/elblogdemarybel.blogspot.com.es\/2012\/12\/sesiones-de-psicomotricidad-para-3-4-y.html\">Psicomotricidad 3-5 a\u00f1os<\/a><\/p>\n<p style=\"text-align: center\"><a href=\"http:\/\/www.guiainfantil.com\/servicios\/psicomotricidad\/index.htm\">Estimulacion psicomotriz en Infantil<\/a><\/p>\n<p>&nbsp;<\/p>\n<p>Estamos a vuestra disposici\u00f3n para todo lo que necesit\u00e9is.<\/p>\n<p>Departamento de Orientaci\u00f3n<\/p>\n","protected":false},"excerpt":{"rendered":"<p>Desde el Departamento de Orientaci\u00f3n hemos llevado a cabo con los alumnos de primer curso de Educaci\u00f3n Infantil la evaluaci\u00f3n de la psicomotricidad (coordinaci\u00f3n motora y habilidades perceptivo-manipulativas) de los ni\u00f1os. Es necesario que, tanto en Educaci\u00f3n Infantil como Primaria, se adquieran y asienten determinadas destrezas para realizar las actividades habituales con cierta autonom\u00eda, responsabilidad [&hellip;]<\/p>\n","protected":false},"author":14,"featured_media":0,"comment_status":"open","ping_status":"open","sticky":false,"template":"","format":"standard","meta":{"footnotes":""},"categories":[1],"tags":[],"class_list":["post-542","post","type-post","status-publish","format-standard","hentry","category-sin-categoria"],"_links":{"self":[{"href":"https:\/\/diocesanos.es\/blogs\/orientadioce\/wp-json\/wp\/v2\/posts\/542","targetHints":{"allow":["GET"]}}],"collection":[{"href":"https:\/\/diocesanos.es\/blogs\/orientadioce\/wp-json\/wp\/v2\/posts"}],"about":[{"href":"https:\/\/diocesanos.es\/blogs\/orientadioce\/wp-json\/wp\/v2\/types\/post"}],"author":[{"embeddable":true,"href":"https:\/\/diocesanos.es\/blogs\/orientadioce\/wp-json\/wp\/v2\/users\/14"}],"replies":[{"embeddable":true,"href":"https:\/\/diocesanos.es\/blogs\/orientadioce\/wp-json\/wp\/v2\/comments?post=542"}],"version-history":[{"count":1,"href":"https:\/\/diocesanos.es\/blogs\/orientadioce\/wp-json\/wp\/v2\/posts\/542\/revisions"}],"predecessor-version":[{"id":544,"href":"https:\/\/diocesanos.es\/blogs\/orientadioce\/wp-json\/wp\/v2\/posts\/542\/revisions\/544"}],"wp:attachment":[{"href":"https:\/\/diocesanos.es\/blogs\/orientadioce\/wp-json\/wp\/v2\/media?parent=542"}],"wp:term":[{"taxonomy":"category","embeddable":true,"href":"https:\/\/diocesanos.es\/blogs\/orientadioce\/wp-json\/wp\/v2\/categories?post=542"},{"taxonomy":"post_tag","embeddable":true,"href":"https:\/\/diocesanos.es\/blogs\/orientadioce\/wp-json\/wp\/v2\/tags?post=542"}],"curies":[{"name":"wp","href":"https:\/\/api.w.org\/{rel}","templated":true}]}}