{"id":495,"date":"2015-06-18T00:51:12","date_gmt":"2015-06-18T00:51:12","guid":{"rendered":"https:\/\/diocesanos.es\/blogs\/orientadioce\/?p=495"},"modified":"2015-06-18T14:04:25","modified_gmt":"2015-06-18T14:04:25","slug":"violencia-de-genero-entre-adolescentes","status":"publish","type":"post","link":"https:\/\/diocesanos.es\/blogs\/orientadioce\/2015\/06\/18\/violencia-de-genero-entre-adolescentes\/","title":{"rendered":"Violencia de g\u00e9nero entre adolescentes&#8230;.                                                                                                                                                                                \u00bfC\u00f3mo prevenirla?"},"content":{"rendered":"<p style=\"text-align: center\"><img loading=\"lazy\" decoding=\"async\" class=\"  wp-image-499 aligncenter\" src=\"https:\/\/diocesanos.es\/blogs\/orientadioce\/wp-content\/uploads\/sites\/11\/2015\/06\/violencia_de_genero-300x264.jpg\" alt=\"violencia_de_genero\" width=\"231\" height=\"204\" srcset=\"https:\/\/diocesanos.es\/blogs\/orientadioce\/wp-content\/uploads\/sites\/11\/2015\/06\/violencia_de_genero-300x264.jpg 300w, https:\/\/diocesanos.es\/blogs\/orientadioce\/wp-content\/uploads\/sites\/11\/2015\/06\/violencia_de_genero-261x230.jpg 261w, https:\/\/diocesanos.es\/blogs\/orientadioce\/wp-content\/uploads\/sites\/11\/2015\/06\/violencia_de_genero.jpg 600w\" sizes=\"auto, (max-width: 231px) 100vw, 231px\" \/><\/p>\n<p style=\"text-align: justify\">La violencia de g\u00e9nero es un problema social que afecta a todos los sectores de la sociedad, incluida la poblaci\u00f3n juvenil o adolescente. La violencia no se inicia normalmente con agresiones f\u00edsicas sino con comportamientos de dominio y abuso. Por eso es necesario ayudar a los adolescentes y a las familias a identificar estas situaciones de maltrato para ponerle freno a esta lacra social.<\/p>\n<p style=\"text-align: justify\">Se han producido grandes avances hacia la igualdad en las \u00faltimas d\u00e9cadas, y que estos han afectado de forma especial a la adolescencia y a la juventud, sin embargo a\u00fan contin\u00faa la exposici\u00f3n a la desigualdad y la violencia de g\u00e9nero que nace de ella. El cambio generacional no es suficiente para erradicar la violencia de g\u00e9nero y resulta necesario incrementar los esfuerzos para prevenirla.<\/p>\n<p style=\"text-align: justify\">Por otro lado, el desarrollo de las tecnolog\u00edas de la informaci\u00f3n y comunicaci\u00f3n (TIC) ha producido un cambio en la forma en que se producen las relaciones personales entre los j\u00f3venes. Este uso de estas herramientas ha generado nuevas formas de ejercer la violencia, especialmente hacia las mujeres adolescentes, como por ejemplo\u00a0 practicar control e intimidaci\u00f3n por parte de parejas con las que mantienen o han mantenido relaciones sentimentales.<\/p>\n<p style=\"text-align: justify\">Os presentamos unas interesantes p\u00e1ginas web para padres y alumnos\u00a0donde podr\u00e9is encontrar m\u00e1s informaci\u00f3n sobre \u00e9sta problem\u00e1tica:<\/p>\n<p style=\"text-align: justify\"><em><span style=\"color: #0000ff\"><a style=\"color: #0000ff;text-decoration: underline\" href=\"http:\/\/guiaviolenciadegenero.com\/index.php\">http:\/\/guiaviolenciadegenero.com\/index.php<\/a><\/span><\/em><\/p>\n<p style=\"text-align: justify\"><em><span style=\"color: #0000ff\"><a style=\"color: #0000ff;text-decoration: underline\" href=\"http:\/\/www.injuve.es\/convivencia\/noticia\/di-no-a-la-violencia-de-genero-desde-adolescente\">http:\/\/www.injuve.es\/convivencia\/noticia\/di-no-a-la-violencia-de-genero-desde-adolescente<\/a><\/span><\/em><\/p>\n<p style=\"text-align: justify\"><em><span style=\"color: #0000ff\"><a style=\"color: #0000ff;text-decoration: underline\" href=\"http:\/\/www.madrid.org\/cs\/Satellite?c=CM_InfPractica_FA&amp;cid=1354194793001&amp;idConsejeria=1109266187278&amp;idListConsj=1109265444710&amp;idOrganismo=1109266228570&amp;language=es&amp;pagename=ComunidadMadrid%2FEstructura&amp;pv=1354194843677&amp;sm=1109266100977\">http:\/\/www.madrid.org\/cs\/Satellite?=CM_InfPractica_FA&amp;cid=1354194793001&amp;idConsejeria=1109266187278&amp;idListConsj=1109265444710&amp;idOrganismo=1109266228570&amp;language=es&amp;pagename=ComunidadMadrid%2FEstructura&amp;pv=1354194843677&amp;sm=1109266100977<\/a><\/span><\/em><\/p>\n<p style=\"text-align: justify\"><em><span style=\"color: #0000ff\"><a style=\"color: #0000ff;text-decoration: underline\" href=\"http:\/\/www.madrid.org\/cs\/Satellite?c=CM_InfPractica_FA&amp;cid=1354194793001&amp;idConsejeria=1109266187278&amp;idListConsj=1109265444710&amp;idOrganismo=1109266228570&amp;language=es&amp;pagename=ComunidadMadrid%2FEstructura&amp;pv=1354195040837&amp;sm=1109266100977\">http:\/\/www.madrid.org\/cs\/Satellite?c=CM_InfPractica_FA&amp;cid=1354194793001&amp;idConsejeria=1109266187278&amp;idListConsj=1109265444710&amp;idOrganismo=1109266228570&amp;language=es&amp;pagename=ComunidadMadrid%2FEstructura&amp;pv=1354195040837&amp;sm=1109266100977<\/a><\/span><\/em><\/p>\n<p style=\"text-align: justify\"><em><span style=\"color: #0000ff\"><a style=\"color: #0000ff;text-decoration: underline\" href=\"http:\/\/www.madrid.org\/cs\/Satellite?c=CM_InfPractica_FA&amp;cid=1354194793001&amp;idConsejeria=1109266187278&amp;idListConsj=1109265444710&amp;idOrganismo=1109266228570&amp;language=es&amp;pagename=ComunidadMadrid%2FEstructura&amp;pv=1354195035333&amp;sm=1109266100977\"><span style=\"color: #0000ff\">http:\/\/www.madrid.o<\/span><span style=\"color: #0000ff\">rg\/cs\/Satellite?c=CM_InfPractica_FA&amp;cid=1354194793001&amp;idConsejeria=1109266187278&amp;idListConsj=1109265444710&amp;idOrganismo=11<\/span><span style=\"color: #0000ff\">09266228570&amp;language=es&amp;pagename=ComunidadMadrid%2FEstructura&amp;pv=1354195035333&amp;sm=1109266100977<\/span><\/a><\/span><\/em><\/p>\n<p><span style=\"text-decoration: underline;color: #0000ff\"><em><span style=\"text-decoration: underline\"><a style=\"color: #0000ff;text-decoration: underline\" href=\"http:\/\/www.ivoox.com\/campana-notecortesllama-para-prevenir-violencia-genero-audios-mp3_rf_3088377_1.html\">http:\/\/www.ivoox.com\/campana-notecortesllama-para-prevenir-violencia-genero-audios-mp3_rf_3088377_1.html<\/a><\/span><\/em><\/span><\/p>\n<p><img loading=\"lazy\" decoding=\"async\" class=\"alignnone  wp-image-192 aligncenter\" src=\"https:\/\/diocesanos.es\/blogs\/orientadioce\/wp-content\/uploads\/sites\/11\/2014\/11\/jovenes-4.jpeg\" alt=\"jovenes 4\" width=\"233\" height=\"236\" \/><\/p>\n<p style=\"text-align: center\"><em><strong><span style=\"color: #0000ff\">\u00a1\u00a1Ni golpes que duelan, ni palabras que hieran\u2026 <\/span><\/strong><\/em><\/p>\n<p style=\"text-align: center\"><em><strong><span style=\"color: #0000ff\">Vive una relaci\u00f3n responsable y positiva!!<\/span><\/strong><\/em><\/p>\n<p>&nbsp;<\/p>\n","protected":false},"excerpt":{"rendered":"<p>La violencia de g\u00e9nero es un problema social que afecta a todos los sectores de la sociedad, incluida la poblaci\u00f3n juvenil o adolescente. La violencia no se inicia normalmente con agresiones f\u00edsicas sino con comportamientos de dominio y abuso. Por eso es necesario ayudar a los adolescentes y a las familias a identificar estas situaciones [&hellip;]<\/p>\n","protected":false},"author":14,"featured_media":0,"comment_status":"open","ping_status":"open","sticky":false,"template":"","format":"standard","meta":{"footnotes":""},"categories":[40,37,38,8,41,39,1,34],"tags":[],"class_list":["post-495","post","type-post","status-publish","format-standard","hentry","category-autoestima","category-convivencia","category-educacion-emocional","category-educacion-secundaria-obligatoria","category-familia","category-prevencion","category-sin-categoria","category-violencia-de-genero"],"_links":{"self":[{"href":"https:\/\/diocesanos.es\/blogs\/orientadioce\/wp-json\/wp\/v2\/posts\/495","targetHints":{"allow":["GET"]}}],"collection":[{"href":"https:\/\/diocesanos.es\/blogs\/orientadioce\/wp-json\/wp\/v2\/posts"}],"about":[{"href":"https:\/\/diocesanos.es\/blogs\/orientadioce\/wp-json\/wp\/v2\/types\/post"}],"author":[{"embeddable":true,"href":"https:\/\/diocesanos.es\/blogs\/orientadioce\/wp-json\/wp\/v2\/users\/14"}],"replies":[{"embeddable":true,"href":"https:\/\/diocesanos.es\/blogs\/orientadioce\/wp-json\/wp\/v2\/comments?post=495"}],"version-history":[{"count":16,"href":"https:\/\/diocesanos.es\/blogs\/orientadioce\/wp-json\/wp\/v2\/posts\/495\/revisions"}],"predecessor-version":[{"id":512,"href":"https:\/\/diocesanos.es\/blogs\/orientadioce\/wp-json\/wp\/v2\/posts\/495\/revisions\/512"}],"wp:attachment":[{"href":"https:\/\/diocesanos.es\/blogs\/orientadioce\/wp-json\/wp\/v2\/media?parent=495"}],"wp:term":[{"taxonomy":"category","embeddable":true,"href":"https:\/\/diocesanos.es\/blogs\/orientadioce\/wp-json\/wp\/v2\/categories?post=495"},{"taxonomy":"post_tag","embeddable":true,"href":"https:\/\/diocesanos.es\/blogs\/orientadioce\/wp-json\/wp\/v2\/tags?post=495"}],"curies":[{"name":"wp","href":"https:\/\/api.w.org\/{rel}","templated":true}]}}