{"id":451,"date":"2015-05-15T11:42:53","date_gmt":"2015-05-15T11:42:53","guid":{"rendered":"https:\/\/diocesanos.es\/blogs\/orientadioce\/?p=451"},"modified":"2015-05-15T11:42:53","modified_gmt":"2015-05-15T11:42:53","slug":"eres-adolescente-a-que-te-dedicas-en-tu-tiempo-de-ocio","status":"publish","type":"post","link":"https:\/\/diocesanos.es\/blogs\/orientadioce\/2015\/05\/15\/eres-adolescente-a-que-te-dedicas-en-tu-tiempo-de-ocio\/","title":{"rendered":"\u00bfEres Adolescente? \u00bfA qu\u00e9 te dedicas en tu tiempo de ocio?"},"content":{"rendered":"<p style=\"text-align: center\"><strong><em>Hoy os vamos a presentar diferentes alternativas para aprovechar ese tiempo tan querido que llamamos \u00a1OCIO!<\/em><\/strong><\/p>\n<p><a href=\"https:\/\/diocesanos.es\/blogs\/orientadioce\/wp-content\/uploads\/sites\/11\/2015\/05\/c.png\"><img loading=\"lazy\" decoding=\"async\" class=\" size-medium wp-image-452 aligncenter\" src=\"https:\/\/diocesanos.es\/blogs\/orientadioce\/wp-content\/uploads\/sites\/11\/2015\/05\/c-300x85.png\" alt=\"c\" width=\"300\" height=\"85\" srcset=\"https:\/\/diocesanos.es\/blogs\/orientadioce\/wp-content\/uploads\/sites\/11\/2015\/05\/c-300x85.png 300w, https:\/\/diocesanos.es\/blogs\/orientadioce\/wp-content\/uploads\/sites\/11\/2015\/05\/c-540x154.png 540w, https:\/\/diocesanos.es\/blogs\/orientadioce\/wp-content\/uploads\/sites\/11\/2015\/05\/c.png 597w\" sizes=\"auto, (max-width: 300px) 100vw, 300px\" \/><\/a><\/p>\n<p>\u00bfSabes que en nuestra ciudad hay un mont\u00f3n de actividades para hacer el fin de semana? O \u00bfT\u00fa fin de semana se reduce a pasar el tiempo en la calle con los amigos?<\/p>\n<p>En \u00c1vila hay todo un espacio dedicado a vosotros, los adolescentes. Se llama el ESPACIO JOVEN y tienen muchas cosas preparadas, para que puedas vivir experiencias nuevas, aventuras, formarte a la vez que aprendes, etc. \u00a1Y todas las actividades son gratuitas!<\/p>\n<p><a href=\"https:\/\/diocesanos.es\/blogs\/orientadioce\/wp-content\/uploads\/sites\/11\/2015\/05\/cc.png\"><img loading=\"lazy\" decoding=\"async\" class=\" size-medium wp-image-453 aligncenter\" src=\"https:\/\/diocesanos.es\/blogs\/orientadioce\/wp-content\/uploads\/sites\/11\/2015\/05\/cc-300x119.png\" alt=\"cc\" width=\"300\" height=\"119\" srcset=\"https:\/\/diocesanos.es\/blogs\/orientadioce\/wp-content\/uploads\/sites\/11\/2015\/05\/cc-300x119.png 300w, https:\/\/diocesanos.es\/blogs\/orientadioce\/wp-content\/uploads\/sites\/11\/2015\/05\/cc-540x214.png 540w, https:\/\/diocesanos.es\/blogs\/orientadioce\/wp-content\/uploads\/sites\/11\/2015\/05\/cc.png 566w\" sizes=\"auto, (max-width: 300px) 100vw, 300px\" \/><\/a><\/p>\n<p>Estas son algunas de las \u00faltimas actividades que encontramos en sus portales:<\/p>\n<p>Para los que os guste el baile&#8230;.<\/p>\n<p><a href=\"https:\/\/diocesanos.es\/blogs\/orientadioce\/wp-content\/uploads\/sites\/11\/2015\/05\/c1.png\"><img loading=\"lazy\" decoding=\"async\" class=\"alignnone  wp-image-454\" src=\"https:\/\/diocesanos.es\/blogs\/orientadioce\/wp-content\/uploads\/sites\/11\/2015\/05\/c1-300x72.png\" alt=\"c1\" width=\"333\" height=\"80\" srcset=\"https:\/\/diocesanos.es\/blogs\/orientadioce\/wp-content\/uploads\/sites\/11\/2015\/05\/c1-300x72.png 300w, https:\/\/diocesanos.es\/blogs\/orientadioce\/wp-content\/uploads\/sites\/11\/2015\/05\/c1.png 481w\" sizes=\"auto, (max-width: 333px) 100vw, 333px\" \/><\/a><\/p>\n<p>Si quieres sacarte un dinerito extra este verano&#8230;.<\/p>\n<p><a href=\"https:\/\/diocesanos.es\/blogs\/orientadioce\/wp-content\/uploads\/sites\/11\/2015\/05\/c2.png\"><img loading=\"lazy\" decoding=\"async\" class=\"alignnone size-medium wp-image-455\" src=\"https:\/\/diocesanos.es\/blogs\/orientadioce\/wp-content\/uploads\/sites\/11\/2015\/05\/c2-300x271.png\" alt=\"c2\" width=\"300\" height=\"271\" srcset=\"https:\/\/diocesanos.es\/blogs\/orientadioce\/wp-content\/uploads\/sites\/11\/2015\/05\/c2-300x271.png 300w, https:\/\/diocesanos.es\/blogs\/orientadioce\/wp-content\/uploads\/sites\/11\/2015\/05\/c2-255x230.png 255w, https:\/\/diocesanos.es\/blogs\/orientadioce\/wp-content\/uploads\/sites\/11\/2015\/05\/c2.png 476w\" sizes=\"auto, (max-width: 300px) 100vw, 300px\" \/><\/a><\/p>\n<p>Para los que sois m\u00e1s de tocar&#8230;.<\/p>\n<p><a href=\"https:\/\/diocesanos.es\/blogs\/orientadioce\/wp-content\/uploads\/sites\/11\/2015\/05\/c3.png\"><img loading=\"lazy\" decoding=\"async\" class=\"alignnone size-medium wp-image-456\" src=\"https:\/\/diocesanos.es\/blogs\/orientadioce\/wp-content\/uploads\/sites\/11\/2015\/05\/c3-300x228.png\" alt=\"c3\" width=\"300\" height=\"228\" srcset=\"https:\/\/diocesanos.es\/blogs\/orientadioce\/wp-content\/uploads\/sites\/11\/2015\/05\/c3-300x228.png 300w, https:\/\/diocesanos.es\/blogs\/orientadioce\/wp-content\/uploads\/sites\/11\/2015\/05\/c3-303x230.png 303w, https:\/\/diocesanos.es\/blogs\/orientadioce\/wp-content\/uploads\/sites\/11\/2015\/05\/c3.png 482w\" sizes=\"auto, (max-width: 300px) 100vw, 300px\" \/><\/a><\/p>\n<p>Los que vais a todas partes con vuestra c\u00e1mara de la mano&#8230;.<\/p>\n<p><a href=\"https:\/\/diocesanos.es\/blogs\/orientadioce\/wp-content\/uploads\/sites\/11\/2015\/05\/c4.png\"><img loading=\"lazy\" decoding=\"async\" class=\"alignnone size-medium wp-image-457\" src=\"https:\/\/diocesanos.es\/blogs\/orientadioce\/wp-content\/uploads\/sites\/11\/2015\/05\/c4-300x228.png\" alt=\"c4\" width=\"300\" height=\"228\" srcset=\"https:\/\/diocesanos.es\/blogs\/orientadioce\/wp-content\/uploads\/sites\/11\/2015\/05\/c4-300x228.png 300w, https:\/\/diocesanos.es\/blogs\/orientadioce\/wp-content\/uploads\/sites\/11\/2015\/05\/c4-303x230.png 303w, https:\/\/diocesanos.es\/blogs\/orientadioce\/wp-content\/uploads\/sites\/11\/2015\/05\/c4.png 475w\" sizes=\"auto, (max-width: 300px) 100vw, 300px\" \/><\/a><\/p>\n<p>Si no paras de moverte y te encanta mantenerte en forma&#8230;.<\/p>\n<p><a href=\"https:\/\/diocesanos.es\/blogs\/orientadioce\/wp-content\/uploads\/sites\/11\/2015\/05\/c5.png\"><img loading=\"lazy\" decoding=\"async\" class=\"alignnone size-medium wp-image-458\" src=\"https:\/\/diocesanos.es\/blogs\/orientadioce\/wp-content\/uploads\/sites\/11\/2015\/05\/c5-300x144.png\" alt=\"c5\" width=\"300\" height=\"144\" srcset=\"https:\/\/diocesanos.es\/blogs\/orientadioce\/wp-content\/uploads\/sites\/11\/2015\/05\/c5-300x144.png 300w, https:\/\/diocesanos.es\/blogs\/orientadioce\/wp-content\/uploads\/sites\/11\/2015\/05\/c5.png 472w\" sizes=\"auto, (max-width: 300px) 100vw, 300px\" \/><\/a><\/p>\n<h2><span style=\"color: #99cc00\"><strong>Ya veis, \u00a1hay actividades para todos los gustos!<\/strong><\/span><\/h2>\n<p>Os dejamos aqu\u00ed sus enlaces, para que los pod\u00e1is echar un vistazo cuando os apetezca, seguro que encontr\u00e1is algo que os gusta.<\/p>\n<p><a href=\"https:\/\/es-es.facebook.com\/espaciojovenavila\" target=\"_blank\">Facebook Espacio Joven \u00c1vila<\/a><\/p>\n<p><a href=\"https:\/\/twitter.com\/espaciojovenav\" target=\"_blank\">Twitter Espacio Joven \u00c1vila<\/a><\/p>\n<p><a href=\"http:\/\/avilajoven.blogspot.com.es\/\" target=\"_blank\">Blog de la Concejal\u00eda de Juventud del Ayto. de \u00c1vila; Espacio Joven \u00abAlberto Pindado\u00bb, El Refugio, La Casa de las Ideas<\/a><\/p>\n<h1 style=\"text-align: center\"><span style=\"color: #33cccc\">\u00a1\u00a1\u00a1No dejes pasar el tiempo, aprende, disfruta y sobre todo, vive!!!<\/span><\/h1>\n<p>&nbsp;<\/p>\n","protected":false},"excerpt":{"rendered":"<p>Hoy os vamos a presentar diferentes alternativas para aprovechar ese tiempo tan querido que llamamos \u00a1OCIO! \u00bfSabes que en nuestra ciudad hay un mont\u00f3n de actividades para hacer el fin de semana? O \u00bfT\u00fa fin de semana se reduce a pasar el tiempo en la calle con los amigos? En \u00c1vila hay todo un espacio [&hellip;]<\/p>\n","protected":false},"author":14,"featured_media":0,"comment_status":"open","ping_status":"open","sticky":false,"template":"","format":"standard","meta":{"footnotes":""},"categories":[13,14,8,31],"tags":[],"class_list":["post-451","post","type-post","status-publish","format-standard","hentry","category-bachillerato","category-ciclos-formativos","category-educacion-secundaria-obligatoria","category-tutorias-eso"],"_links":{"self":[{"href":"https:\/\/diocesanos.es\/blogs\/orientadioce\/wp-json\/wp\/v2\/posts\/451","targetHints":{"allow":["GET"]}}],"collection":[{"href":"https:\/\/diocesanos.es\/blogs\/orientadioce\/wp-json\/wp\/v2\/posts"}],"about":[{"href":"https:\/\/diocesanos.es\/blogs\/orientadioce\/wp-json\/wp\/v2\/types\/post"}],"author":[{"embeddable":true,"href":"https:\/\/diocesanos.es\/blogs\/orientadioce\/wp-json\/wp\/v2\/users\/14"}],"replies":[{"embeddable":true,"href":"https:\/\/diocesanos.es\/blogs\/orientadioce\/wp-json\/wp\/v2\/comments?post=451"}],"version-history":[{"count":0,"href":"https:\/\/diocesanos.es\/blogs\/orientadioce\/wp-json\/wp\/v2\/posts\/451\/revisions"}],"wp:attachment":[{"href":"https:\/\/diocesanos.es\/blogs\/orientadioce\/wp-json\/wp\/v2\/media?parent=451"}],"wp:term":[{"taxonomy":"category","embeddable":true,"href":"https:\/\/diocesanos.es\/blogs\/orientadioce\/wp-json\/wp\/v2\/categories?post=451"},{"taxonomy":"post_tag","embeddable":true,"href":"https:\/\/diocesanos.es\/blogs\/orientadioce\/wp-json\/wp\/v2\/tags?post=451"}],"curies":[{"name":"wp","href":"https:\/\/api.w.org\/{rel}","templated":true}]}}