{"id":42,"date":"2014-05-29T11:43:49","date_gmt":"2014-05-29T11:43:49","guid":{"rendered":"https:\/\/diocesanos.es\/blogs\/orientadioce\/?p=42"},"modified":"2014-06-04T15:56:40","modified_gmt":"2014-06-04T15:56:40","slug":"calendario-de-preinscripcion-y-p-a-u-2014","status":"publish","type":"post","link":"https:\/\/diocesanos.es\/blogs\/orientadioce\/2014\/05\/29\/calendario-de-preinscripcion-y-p-a-u-2014\/","title":{"rendered":"Calendario de preinscripci\u00f3n y P.A.E.U. 2014"},"content":{"rendered":"<h3 class=\"oldHeading2 cmAligncenter\" style=\"text-align: center\"><span class=\"azuloscuro\"><strong><span class=\"oldHeading2\">Preinscripci\u00f3n, admisi\u00f3n\u00a0y matr\u00edcula en las universidades de Castilla y Le\u00f3n. Curso 2014-2015<\/span><\/strong><\/span><\/h3>\n<h3 class=\"oldHeading2 cmAligncenter\" style=\"text-align: center\"><span class=\"azuloscuro\"><strong><img loading=\"lazy\" decoding=\"async\" class=\"alignnone size-full wp-image-43\" src=\"https:\/\/diocesanos.es\/blogs\/orientadioce\/wp-content\/uploads\/sites\/11\/2014\/05\/orienta7.jpeg\" alt=\"orienta7\" width=\"252\" height=\"200\" \/><br \/>\n<\/strong><\/span><\/h3>\n<ul style=\"text-align: center\">\n<li style=\"text-align: left\"><span class=\"azuloscuro\"><strong><span class=\"cmUnderline \">Preinscripci\u00f3n<\/span>:\u00a0<\/strong><\/span><\/li>\n<\/ul>\n<p class=\"cmParagraph\" style=\"text-align: left\">Desde el 10 de junio hasta el 14 de julio inclusive<\/p>\n<ul style=\"text-align: left\">\n<li><span class=\"azuloscuro\"><strong><span class=\"cmUnderline \">Pruebas de Acceso a la Universidad 2014<\/span>:<br \/>\n<\/strong><\/span><\/li>\n<\/ul>\n<p class=\"cmParagraph\" style=\"text-align: left\"><span class=\"azuloscuro\"><strong><span class=\"oldHeading2\">Junio:<\/span> <span class=\"rojooscuro\">10, 11 y 12<\/span>.<\/strong><\/span><\/p>\n<p class=\"cmParagraph\" style=\"text-align: left\"><span class=\"azuloscuro\"><strong><span class=\"oldHeading2\">Septiembre:<\/span> <span class=\"rojooscuro\">10, 11 y 12<\/span>.<\/strong><\/span><\/p>\n<p class=\"cmParagraph\" style=\"text-align: left\">Toda la informaci\u00f3n en el siguiente enlace del <a title=\"Portal de Educaci\u00f3n CyL.\" href=\"http:\/\/www.educa.jcyl.es\/universidad\/en\/acceso-universidad-preinscripcion-pau\/calendario-preinscripcion-p-u-2014\" target=\"_blank\">Portal de Educaci\u00f3n de CyL.<\/a><\/p>\n","protected":false},"excerpt":{"rendered":"<p>Preinscripci\u00f3n, admisi\u00f3n\u00a0y matr\u00edcula en las universidades de Castilla y Le\u00f3n. Curso 2014-2015 Preinscripci\u00f3n:\u00a0 Desde el 10 de junio hasta el 14 de julio inclusive Pruebas de Acceso a la Universidad 2014: Junio: 10, 11 y 12. Septiembre: 10, 11 y 12. Toda la informaci\u00f3n en el siguiente enlace del Portal de Educaci\u00f3n de CyL.<\/p>\n","protected":false},"author":14,"featured_media":0,"comment_status":"open","ping_status":"open","sticky":false,"template":"","format":"standard","meta":{"footnotes":""},"categories":[13,26,4],"tags":[],"class_list":["post-42","post","type-post","status-publish","format-standard","hentry","category-bachillerato","category-paeu","category-universidades"],"_links":{"self":[{"href":"https:\/\/diocesanos.es\/blogs\/orientadioce\/wp-json\/wp\/v2\/posts\/42","targetHints":{"allow":["GET"]}}],"collection":[{"href":"https:\/\/diocesanos.es\/blogs\/orientadioce\/wp-json\/wp\/v2\/posts"}],"about":[{"href":"https:\/\/diocesanos.es\/blogs\/orientadioce\/wp-json\/wp\/v2\/types\/post"}],"author":[{"embeddable":true,"href":"https:\/\/diocesanos.es\/blogs\/orientadioce\/wp-json\/wp\/v2\/users\/14"}],"replies":[{"embeddable":true,"href":"https:\/\/diocesanos.es\/blogs\/orientadioce\/wp-json\/wp\/v2\/comments?post=42"}],"version-history":[{"count":0,"href":"https:\/\/diocesanos.es\/blogs\/orientadioce\/wp-json\/wp\/v2\/posts\/42\/revisions"}],"wp:attachment":[{"href":"https:\/\/diocesanos.es\/blogs\/orientadioce\/wp-json\/wp\/v2\/media?parent=42"}],"wp:term":[{"taxonomy":"category","embeddable":true,"href":"https:\/\/diocesanos.es\/blogs\/orientadioce\/wp-json\/wp\/v2\/categories?post=42"},{"taxonomy":"post_tag","embeddable":true,"href":"https:\/\/diocesanos.es\/blogs\/orientadioce\/wp-json\/wp\/v2\/tags?post=42"}],"curies":[{"name":"wp","href":"https:\/\/api.w.org\/{rel}","templated":true}]}}