{"id":395,"date":"2015-03-24T12:20:02","date_gmt":"2015-03-24T12:20:02","guid":{"rendered":"https:\/\/diocesanos.es\/blogs\/orientadioce\/?p=395"},"modified":"2015-03-27T15:04:52","modified_gmt":"2015-03-27T15:04:52","slug":"seguro-que-mejoras","status":"publish","type":"post","link":"https:\/\/diocesanos.es\/blogs\/orientadioce\/2015\/03\/24\/seguro-que-mejoras\/","title":{"rendered":"SEGURO QUE MEJORAS&#8230;"},"content":{"rendered":"<div class=\"titulo\"><\/div>\n<div class=\"titulo\"><span style=\"color: #000080\">Los alumnos de 6\u00ba de Primaria han participado en el<span class=\"Apple-converted-space\">\u00a0<\/span><strong>Taller de T\u00e9cnicas de Estudio<\/strong><span class=\"Apple-converted-space\">\u00a0<\/span>organizado por el Departamento de Orientaci\u00f3n. Han sido<span class=\"Apple-converted-space\">\u00a0<\/span><strong>8 sesiones semanales<\/strong><span class=\"Apple-converted-space\">\u00a0<\/span>en las que hemos aprendido a estudiar de manera eficaz a trav\u00e9s del uso de diferentes m\u00e9todos y t\u00e9cnicas, como el m\u00e9todo EPL3R, el subrayado, el esquema&#8230; \u00a1Ahora solo nos queda poner en pr\u00e1ctica todo lo aprendido!<\/span><\/div>\n<div class=\"titulo\"><\/div>\n<div class=\"titulo\"><\/div>\n<div class=\"titulo\"><a href=\"https:\/\/diocesanos.es\/blogs\/orientadioce\/wp-content\/uploads\/sites\/11\/2015\/03\/IMG_0712.jpg\"><img loading=\"lazy\" decoding=\"async\" class=\" size-medium wp-image-396 aligncenter\" src=\"https:\/\/diocesanos.es\/blogs\/orientadioce\/wp-content\/uploads\/sites\/11\/2015\/03\/IMG_0712-300x225.jpg\" alt=\"IMG_0712\" width=\"300\" height=\"225\" srcset=\"https:\/\/diocesanos.es\/blogs\/orientadioce\/wp-content\/uploads\/sites\/11\/2015\/03\/IMG_0712-300x225.jpg 300w, https:\/\/diocesanos.es\/blogs\/orientadioce\/wp-content\/uploads\/sites\/11\/2015\/03\/IMG_0712-1024x768.jpg 1024w, https:\/\/diocesanos.es\/blogs\/orientadioce\/wp-content\/uploads\/sites\/11\/2015\/03\/IMG_0712-307x230.jpg 307w\" sizes=\"auto, (max-width: 300px) 100vw, 300px\" \/><\/a><\/div>\n","protected":false},"excerpt":{"rendered":"<p>Los alumnos de 6\u00ba de Primaria han participado en el\u00a0Taller de T\u00e9cnicas de Estudio\u00a0organizado por el Departamento de Orientaci\u00f3n. Han sido\u00a08 sesiones semanales\u00a0en las que hemos aprendido a estudiar de manera eficaz a trav\u00e9s del uso de diferentes m\u00e9todos y t\u00e9cnicas, como el m\u00e9todo EPL3R, el subrayado, el esquema&#8230; \u00a1Ahora solo nos queda poner en [&hellip;]<\/p>\n","protected":false},"author":14,"featured_media":0,"comment_status":"open","ping_status":"open","sticky":false,"template":"","format":"standard","meta":{"footnotes":""},"categories":[1],"tags":[],"class_list":["post-395","post","type-post","status-publish","format-standard","hentry","category-sin-categoria"],"_links":{"self":[{"href":"https:\/\/diocesanos.es\/blogs\/orientadioce\/wp-json\/wp\/v2\/posts\/395","targetHints":{"allow":["GET"]}}],"collection":[{"href":"https:\/\/diocesanos.es\/blogs\/orientadioce\/wp-json\/wp\/v2\/posts"}],"about":[{"href":"https:\/\/diocesanos.es\/blogs\/orientadioce\/wp-json\/wp\/v2\/types\/post"}],"author":[{"embeddable":true,"href":"https:\/\/diocesanos.es\/blogs\/orientadioce\/wp-json\/wp\/v2\/users\/14"}],"replies":[{"embeddable":true,"href":"https:\/\/diocesanos.es\/blogs\/orientadioce\/wp-json\/wp\/v2\/comments?post=395"}],"version-history":[{"count":0,"href":"https:\/\/diocesanos.es\/blogs\/orientadioce\/wp-json\/wp\/v2\/posts\/395\/revisions"}],"wp:attachment":[{"href":"https:\/\/diocesanos.es\/blogs\/orientadioce\/wp-json\/wp\/v2\/media?parent=395"}],"wp:term":[{"taxonomy":"category","embeddable":true,"href":"https:\/\/diocesanos.es\/blogs\/orientadioce\/wp-json\/wp\/v2\/categories?post=395"},{"taxonomy":"post_tag","embeddable":true,"href":"https:\/\/diocesanos.es\/blogs\/orientadioce\/wp-json\/wp\/v2\/tags?post=395"}],"curies":[{"name":"wp","href":"https:\/\/api.w.org\/{rel}","templated":true}]}}