{"id":370,"date":"2015-03-12T01:02:11","date_gmt":"2015-03-12T01:02:11","guid":{"rendered":"https:\/\/diocesanos.es\/blogs\/orientadioce\/?p=370"},"modified":"2015-03-12T01:50:45","modified_gmt":"2015-03-12T01:50:45","slug":"programa-discover-os-lo-contamos","status":"publish","type":"post","link":"https:\/\/diocesanos.es\/blogs\/orientadioce\/2015\/03\/12\/programa-discover-os-lo-contamos\/","title":{"rendered":"\u00bfPrograma DISCOVER? &#8230;Os lo contamos!!"},"content":{"rendered":"<p style=\"text-align: center\"><img loading=\"lazy\" decoding=\"async\" class=\"  wp-image-372 aligncenter\" src=\"https:\/\/diocesanos.es\/blogs\/orientadioce\/wp-content\/uploads\/sites\/11\/2015\/03\/Discover-300x212.jpg\" alt=\"Discover\" width=\"393\" height=\"278\" srcset=\"https:\/\/diocesanos.es\/blogs\/orientadioce\/wp-content\/uploads\/sites\/11\/2015\/03\/Discover-300x212.jpg 300w, https:\/\/diocesanos.es\/blogs\/orientadioce\/wp-content\/uploads\/sites\/11\/2015\/03\/Discover-325x230.jpg 325w, https:\/\/diocesanos.es\/blogs\/orientadioce\/wp-content\/uploads\/sites\/11\/2015\/03\/Discover.jpg 400w\" sizes=\"auto, (max-width: 393px) 100vw, 393px\" \/><\/p>\n<p>&nbsp;<\/p>\n<p style=\"text-align: justify\">Desde la Junta de Castilla y Le\u00f3n, se est\u00e1 llevando a cabo en los Centros Escolares de Primaria y Secundaria de la Comunidad, el programa llamado \u00ab<strong><span style=\"text-decoration: underline\">Discover &#8211; Aprendiendo a Vivir<\/span>\u00ab<\/strong>,\u00a0\u00a0para la prevenci\u00f3n de las drogas, e \u00a0impulsado por las Consejer\u00edas de Familia e Igualdad de Oportunidades (a trav\u00e9s del Servicio de Evaluaci\u00f3n y Prevenci\u00f3n del Consumo de Drogas del Comisionado Regional para la Droga) y de la Consejer\u00eda de Educaci\u00f3n (a trav\u00e9s del Servicio de Atenci\u00f3n al Alumnado con Necesidad Espec\u00edfica de Apoyo Educativo, Orientaci\u00f3n y Convivencia de la Direcci\u00f3n General de Innovaci\u00f3n Educativa y Formaci\u00f3n del Profesorado).<\/p>\n<p style=\"text-align: justify\">\u00a0La adolescencia es una etapa compleja para la comunicaci\u00f3n \u00a0entre padres e hijos sobre todo para hablar de estos temas. \u00a0El grupo de amigos \u00a0cobra cada vez m\u00e1s relevancia, deslig\u00e1ndose paulatinamente del n\u00facleo familiar y produci\u00e9ndose una emancipaci\u00f3n gradual de los adultos. Por eso los padres deben adaptarse a ese cambio y adoptar nuevos c\u00f3digos de comunicaci\u00f3n y formas de tratar con los hijos para resolver los nuevos conflictos que se van presentando. No hay que olvidar que la presi\u00f3n del grupo de amigos es una de las causas de los primeros consumos de drogas. \u00a0A estas edades formar parte de un grupo de iguales es prioritario, y se producen fuertes conflictos entre \u00ablo que mi conciencia me dice que no debo hacer\u00bb y \u00bb lo que mis colegas hacen y me presionan para que yo haga tambi\u00e9n\u00bb por eso es crucial que los chicos\/as tengan suficientes habilidades para hacer frente a esa presi\u00f3n y decir\u00a0<strong>\u00ab\u00a1<span style=\"text-decoration: underline\">NO<\/span>!<\/strong>\u00ab.<\/p>\n<p style=\"text-align: justify\">Frente a estos factores de riesgo sobre \u00a0prevenci\u00f3n de las drogodependencias, deber\u00e1 ser nuestra meta convertirnos en <strong><em>factores de protecci\u00f3n<\/em><\/strong> para contribuir a disminuir el riesgo de que nuestros ni\u00f1os, adolescentes o j\u00f3venes empiecen a consumir drogas, siendo <strong><em>LA FAMILIA<\/em><\/strong> un elemento importante cuando existe una relaci\u00f3n positiva, comunicaci\u00f3n y afecto, con normas claras y l\u00edmites que se cumplen, cont\u00e1ndose con la supervisi\u00f3n de los padres en lo que hacen vuestros hijos y qu\u00e9 compa\u00f1\u00edas frecuentan, las familias que comparten muchos ratos de ocio y emprenden actividades en com\u00fan logran un mayor acercamiento; otro factor es <strong><em>LA ESCUELA<\/em><\/strong> que es donde tambi\u00e9n podemos colaborar con la prevenci\u00f3n del consumo de drogas; convirti\u00e9ndose ambos en importantes factores de colaboraci\u00f3n para la ejecuci\u00f3n <strong><em>&#8211; programa DISCOVER &#8211;<\/em><\/strong> en los Centros Escolares permitiendo brindar a los alumnos informaci\u00f3n, habilidades, recursos, valores, que les proteger\u00e1n ante el consumo de drogas<\/p>\n<p style=\"text-align: justify\">Los contenidos que aborda el<strong><em> &#8211; programa DISCOVER &#8211;<\/em><\/strong>\u00a0son: (Autoestima y el manejo del estr\u00e9s; apoyo social y v\u00ednculos sociales para desarrollar habilidades de relaci\u00f3n interpersonal; conocimientos sobre drogas; actitudes y creencias saludables; percepci\u00f3n de situaciones de riesgo y habilidades de comunicaci\u00f3n y de toma de decisiones).<\/p>\n<p style=\"text-align: justify\">Este importante programa se basa en el conocimiento de que el consumo de drogas no depende solo de un factor causal, sino que son varios los factores en juego; por eso no solo se trabajar\u00e1 la informaci\u00f3n sobre las distintas sustancias y sus consecuencias para la salud sino que los alumnos aprender\u00e1n <strong><em>\u00abhabilidades para la vida\u00bb<\/em><\/strong>.<\/p>\n<p style=\"text-align: justify\">Y <strong><em>\u00bf<span style=\"text-decoration: underline\">qu\u00e9 son las habilidades para la vida<\/span>?<\/em><\/strong> \u00a0Se trata de un conjunto de destrezas y de aptitudes que colaboran en la\u00a0formaci\u00f3n de la personalidad de una manera integral adem\u00e1s de ayudar a prevenir el consumo de drogas. \u00a0<strong><em>La<\/em><\/strong>\u00a0<strong><em>asertividad<\/em><em>, las habilidades sociales, la autoestima, la autocomunicaci\u00f3n, el\u00a0autocontrol emocional,\u00a0la toma de decisiones\u00a0y el\u00a0an\u00e1lisis cr\u00edtico de la publicidad,<\/em><\/strong> formar\u00edan parte de estas habilidades que mejoran la capacidad de los adolescentes para enfrentarse a los diferentes retos que les plantea la vida.<\/p>\n<p style=\"text-align: justify\">En esta etapa de la vida es tambi\u00e9n \u00a0especialmente importante el desarrollo de la <strong><em>AUTOESTIMA<\/em><\/strong>, donde la persona necesita hacerse con una firme identidad, es decir, saberse individuo distinto a los dem\u00e1s, conocer sus posibilidades, su talento y sentirse valioso como persona que avanza hacia el futuro.<\/p>\n<p style=\"text-align: justify\"><strong><em><span style=\"text-decoration: underline\">Es muy importante tener en cuenta de que es en el seno de la familia \u00a0el mejor lugar para hacer prevenci\u00f3n sobre las drogas<\/span><span style=\"text-decoration: underline\">, y en donde se deben \u00a0inculcar normas, valores y \u00a0limites coherentes, as\u00ed como un sentido de la responsabilidad<\/span><\/em><\/strong>. La prevenci\u00f3n nos ata\u00f1e a todos, especialmente a los padres\/tutores, profesores, instituciones, medios de comunicaci\u00f3n, etc.<\/p>\n<p style=\"text-align: justify\">Aunque prevenir las drogas no sea una tarea sencilla, el esfuerzo merece mucho la pena ya que es una inversi\u00f3n en salud y una apuesta por el futuro de nuestros j\u00f3venes. Es necesario poner todos los medios a nuestro alcance para hacerlo.<\/p>\n<p style=\"text-align: justify\">Para m\u00e1s informaci\u00f3n pod\u00e9is consultar la p\u00e1gina web del Comisionado Regional para la Droga de la Consejer\u00eda de Familia e Igualdad de Oportunidades a trav\u00e9s de:<\/p>\n<p style=\"text-align: justify\"><span style=\"text-decoration: underline;color: #0000ff\"><a style=\"color: #0000ff\" href=\"http:\/\/www.jcyl.es\/\"><strong><em>http:\/\/www.jcyl.es\/<\/em><\/strong><\/a><\/span> en donde encontrar\u00e9is documentos como Gu\u00edas para Padres y Madres que se pueden descargar gratuitamente.<\/p>\n<p style=\"text-align: justify\">Web de Prevenci\u00f3n:<span style=\"color: #0000ff\"><strong> <em><a style=\"color: #0000ff\" href=\"http:\/\/www.alertadrogas.jcyl.es\/\">http:\/\/www.alertadrogas.jcyl.es\/<\/a><\/em><\/strong><\/span><\/p>\n<p style=\"text-align: center\"><em><strong>\u00a1Desde aqu\u00ed os animamos a participar y a convertirnos en Protagonistas!<\/strong>\u00a0<\/em><\/p>\n<p style=\"text-align: center\"><em><strong>\u00a1\u00a1Hacedlo por ellos!!<\/strong><\/em><\/p>\n<p><em>\u00a0<\/em><\/p>\n<p><a href=\"https:\/\/diocesanos.es\/blogs\/orientadioce\/wp-content\/uploads\/sites\/11\/2015\/03\/coop.jpg\"><img loading=\"lazy\" decoding=\"async\" class=\"alignnone  wp-image-379\" src=\"https:\/\/diocesanos.es\/blogs\/orientadioce\/wp-content\/uploads\/sites\/11\/2015\/03\/coop.jpg\" alt=\"coop\" width=\"172\" height=\"99\" \/><\/a><a href=\"https:\/\/diocesanos.es\/blogs\/orientadioce\/wp-content\/uploads\/sites\/11\/2015\/03\/feder.jpg\"><img loading=\"lazy\" decoding=\"async\" class=\"alignnone  wp-image-380\" src=\"https:\/\/diocesanos.es\/blogs\/orientadioce\/wp-content\/uploads\/sites\/11\/2015\/03\/feder.jpg\" alt=\"feder\" width=\"193\" height=\"98\" \/><\/a><a href=\"https:\/\/diocesanos.es\/blogs\/orientadioce\/wp-content\/uploads\/sites\/11\/2015\/03\/Junta-Castilla-y-Le\u00f3n.jpg\"><img loading=\"lazy\" decoding=\"async\" class=\"alignnone  wp-image-381\" src=\"https:\/\/diocesanos.es\/blogs\/orientadioce\/wp-content\/uploads\/sites\/11\/2015\/03\/Junta-Castilla-y-Le\u00f3n.jpg\" alt=\"Junta Castilla y Le\u00f3n\" width=\"78\" height=\"94\" \/><\/a><\/p>\n<p>&nbsp;<\/p>\n","protected":false},"excerpt":{"rendered":"<p>&nbsp; Desde la Junta de Castilla y Le\u00f3n, se est\u00e1 llevando a cabo en los Centros Escolares de Primaria y Secundaria de la Comunidad, el programa llamado \u00abDiscover &#8211; Aprendiendo a Vivir\u00ab,\u00a0\u00a0para la prevenci\u00f3n de las drogas, e \u00a0impulsado por las Consejer\u00edas de Familia e Igualdad de Oportunidades (a trav\u00e9s del Servicio de Evaluaci\u00f3n y [&hellip;]<\/p>\n","protected":false},"author":14,"featured_media":0,"comment_status":"open","ping_status":"open","sticky":false,"template":"","format":"standard","meta":{"footnotes":""},"categories":[40,32,37,38,41,39,1,31],"tags":[42,43],"class_list":["post-370","post","type-post","status-publish","format-standard","hentry","category-autoestima","category-consumo-drogas","category-convivencia","category-educacion-emocional","category-familia","category-prevencion","category-sin-categoria","category-tutorias-eso","tag-autoestima","tag-familia"],"_links":{"self":[{"href":"https:\/\/diocesanos.es\/blogs\/orientadioce\/wp-json\/wp\/v2\/posts\/370","targetHints":{"allow":["GET"]}}],"collection":[{"href":"https:\/\/diocesanos.es\/blogs\/orientadioce\/wp-json\/wp\/v2\/posts"}],"about":[{"href":"https:\/\/diocesanos.es\/blogs\/orientadioce\/wp-json\/wp\/v2\/types\/post"}],"author":[{"embeddable":true,"href":"https:\/\/diocesanos.es\/blogs\/orientadioce\/wp-json\/wp\/v2\/users\/14"}],"replies":[{"embeddable":true,"href":"https:\/\/diocesanos.es\/blogs\/orientadioce\/wp-json\/wp\/v2\/comments?post=370"}],"version-history":[{"count":0,"href":"https:\/\/diocesanos.es\/blogs\/orientadioce\/wp-json\/wp\/v2\/posts\/370\/revisions"}],"wp:attachment":[{"href":"https:\/\/diocesanos.es\/blogs\/orientadioce\/wp-json\/wp\/v2\/media?parent=370"}],"wp:term":[{"taxonomy":"category","embeddable":true,"href":"https:\/\/diocesanos.es\/blogs\/orientadioce\/wp-json\/wp\/v2\/categories?post=370"},{"taxonomy":"post_tag","embeddable":true,"href":"https:\/\/diocesanos.es\/blogs\/orientadioce\/wp-json\/wp\/v2\/tags?post=370"}],"curies":[{"name":"wp","href":"https:\/\/api.w.org\/{rel}","templated":true}]}}