{"id":339,"date":"2015-02-26T04:27:58","date_gmt":"2015-02-26T04:27:58","guid":{"rendered":"https:\/\/diocesanos.es\/blogs\/orientadioce\/?p=339"},"modified":"2015-02-26T04:46:57","modified_gmt":"2015-02-26T04:46:57","slug":"navega-pero-seguro-2","status":"publish","type":"post","link":"https:\/\/diocesanos.es\/blogs\/orientadioce\/2015\/02\/26\/navega-pero-seguro-2\/","title":{"rendered":"\u00a1NAVEGA, pero seguro!"},"content":{"rendered":"<p style=\"text-align: center\"><a href=\"https:\/\/diocesanos.es\/blogs\/orientadioce\/wp-content\/uploads\/sites\/11\/2015\/02\/ciberm\u00f3vil0.png\"><img loading=\"lazy\" decoding=\"async\" class=\"  wp-image-314 aligncenter\" src=\"https:\/\/diocesanos.es\/blogs\/orientadioce\/wp-content\/uploads\/sites\/11\/2015\/02\/ciberm\u00f3vil0-296x300.png\" alt=\"ciberm\u00f3vil,0\" width=\"304\" height=\"308\" srcset=\"https:\/\/diocesanos.es\/blogs\/orientadioce\/wp-content\/uploads\/sites\/11\/2015\/02\/ciberm\u00f3vil0-296x300.png 296w, https:\/\/diocesanos.es\/blogs\/orientadioce\/wp-content\/uploads\/sites\/11\/2015\/02\/ciberm\u00f3vil0-227x230.png 227w, https:\/\/diocesanos.es\/blogs\/orientadioce\/wp-content\/uploads\/sites\/11\/2015\/02\/ciberm\u00f3vil0.png 404w\" sizes=\"auto, (max-width: 304px) 100vw, 304px\" \/><\/a><\/p>\n<p style=\"text-align: justify\">El 10 de febrero se celebr\u00f3 el D\u00eda de Internet Segura para promover el uso responsable de la tecnolog\u00eda on line y los dispositivos m\u00f3viles especialmente entre los ni\u00f1os y adolescentes. Por este motivo queremos concienciar a los alumnos y a las familias desde la prevenci\u00f3n, informaci\u00f3n y sensibilizaci\u00f3n para el uso responsable y adecuado de las TIC\u00b4s y sus buenas pr\u00e1cticas.<\/p>\n<p style=\"text-align: justify\">Por alfabetizaci\u00f3n digital debemos entender la compleja tarea de completar el ciclo, esto es, de adquirir adecuados h\u00e1bitos de uso, de comprender ventajas e inconvenientes, de aprender a vivir en un entorno, el denominado virtual, cada vez m\u00e1s cercano a la realidad, a lo que alimenta nuestras ideas, nuestro mundo, nuestro conocimiento de las cosas, nuestra interpretaci\u00f3n de lo que nos toca vivir.<\/p>\n<p style=\"text-align: justify\">Ni\u00f1os, adolescentes y j\u00f3venes son la generaci\u00f3n digital. Internet nos ofrece un mundo lleno de posibilidades, de conocimiento, de informaci\u00f3n, pero tambi\u00e9n de peligros si \u00a0lo utilizamos de manera irresponsable.<\/p>\n<p style=\"text-align: justify\">Por eso tenemos que implicarnos todos: padres, madres, profesores y alumnos \u00a0para tomar conciencia de los peligros que entra\u00f1a y sus posibles consecuencias.<\/p>\n<p style=\"text-align: justify\">Aqu\u00ed\u00a0os dejamos unas interesantes p\u00e1ginas y enlaces para las familias.<\/p>\n<p style=\"text-align: justify\">Empezamos con un juego interactivo muy entretenido, llamado TRIVIRAL para jugar con vuestros hijos que consiste en hacer preguntas sobre los peligros de internet como son: Spyware, Grooming, Troyanos y Gusanos, Ciberbullying y Virus.<strong><span style=\"color: #0000ff\">\u00a0<a style=\"color: #0000ff\" href=\"http:\/\/navegacionsegura.es\/\"><span style=\"text-decoration: underline\">http<\/span>:\/\/www.navegacionsegura.es\/<\/a><\/span><\/strong><\/p>\n<p style=\"text-align: justify\">Y m\u00e1s enlaces de inter\u00e9s en los que encontrar\u00e9is mucha m\u00e1s informaci\u00f3n:<\/p>\n<p style=\"text-align: justify\"><a href=\"http:\/\/www.protegeles.com\" target=\"_blank\"><strong><span style=\"color: #0000ff\"><span style=\"text-decoration: underline\">http<\/span>:\/\/www.protegeles.com<\/span><\/strong><\/a><\/p>\n<p style=\"text-align: justify\"><a href=\"http:\/\/www.pantallasamigas.net\" target=\"_blank\"><span style=\"color: #0000ff\"><strong><span style=\"text-decoration: underline\">http<\/span>:\/\/www.pantallasamigas.net<\/strong><\/span><\/a><\/p>\n<p style=\"text-align: justify\"><a href=\"http:\/\/www.incibe.es\/CERT\/guias_estudios\/guias\/\" target=\"_blank\"><span style=\"color: #0000ff\"><strong><span style=\"text-decoration: underline\">http<\/span>:\/\/www.incibe.es\/CERT\/guias_estudios\/guias\/<\/strong><\/span><\/a><\/p>\n<p style=\"text-align: center\"><span style=\"color: #0000ff\"><strong>\u00a0<a style=\"color: #0000ff\" href=\"https:\/\/diocesanos.es\/blogs\/orientadioce\/wp-content\/uploads\/sites\/11\/2015\/02\/riesgos_internet.jpg\"><img loading=\"lazy\" decoding=\"async\" class=\"alignnone size-medium wp-image-318\" src=\"https:\/\/diocesanos.es\/blogs\/orientadioce\/wp-content\/uploads\/sites\/11\/2015\/02\/riesgos_internet-300x222.jpg\" alt=\"riesgos_internet\" width=\"300\" height=\"222\" srcset=\"https:\/\/diocesanos.es\/blogs\/orientadioce\/wp-content\/uploads\/sites\/11\/2015\/02\/riesgos_internet-300x222.jpg 300w, https:\/\/diocesanos.es\/blogs\/orientadioce\/wp-content\/uploads\/sites\/11\/2015\/02\/riesgos_internet-311x230.jpg 311w, https:\/\/diocesanos.es\/blogs\/orientadioce\/wp-content\/uploads\/sites\/11\/2015\/02\/riesgos_internet.jpg 350w\" sizes=\"auto, (max-width: 300px) 100vw, 300px\" \/><\/a><\/strong><\/span><\/p>\n<p style=\"text-align: center\"><strong>\u00a1La seguridad en Internet es tarea de Todos!<\/strong><\/p>\n","protected":false},"excerpt":{"rendered":"<p>El 10 de febrero se celebr\u00f3 el D\u00eda de Internet Segura para promover el uso responsable de la tecnolog\u00eda on line y los dispositivos m\u00f3viles especialmente entre los ni\u00f1os y adolescentes. Por este motivo queremos concienciar a los alumnos y a las familias desde la prevenci\u00f3n, informaci\u00f3n y sensibilizaci\u00f3n para el uso responsable y adecuado [&hellip;]<\/p>\n","protected":false},"author":14,"featured_media":0,"comment_status":"open","ping_status":"open","sticky":false,"template":"","format":"standard","meta":{"footnotes":""},"categories":[33,10,1],"tags":[],"class_list":["post-339","post","type-post","status-publish","format-standard","hentry","category-internet-y-redes-sociales","category-motivacion","category-sin-categoria"],"_links":{"self":[{"href":"https:\/\/diocesanos.es\/blogs\/orientadioce\/wp-json\/wp\/v2\/posts\/339","targetHints":{"allow":["GET"]}}],"collection":[{"href":"https:\/\/diocesanos.es\/blogs\/orientadioce\/wp-json\/wp\/v2\/posts"}],"about":[{"href":"https:\/\/diocesanos.es\/blogs\/orientadioce\/wp-json\/wp\/v2\/types\/post"}],"author":[{"embeddable":true,"href":"https:\/\/diocesanos.es\/blogs\/orientadioce\/wp-json\/wp\/v2\/users\/14"}],"replies":[{"embeddable":true,"href":"https:\/\/diocesanos.es\/blogs\/orientadioce\/wp-json\/wp\/v2\/comments?post=339"}],"version-history":[{"count":0,"href":"https:\/\/diocesanos.es\/blogs\/orientadioce\/wp-json\/wp\/v2\/posts\/339\/revisions"}],"wp:attachment":[{"href":"https:\/\/diocesanos.es\/blogs\/orientadioce\/wp-json\/wp\/v2\/media?parent=339"}],"wp:term":[{"taxonomy":"category","embeddable":true,"href":"https:\/\/diocesanos.es\/blogs\/orientadioce\/wp-json\/wp\/v2\/categories?post=339"},{"taxonomy":"post_tag","embeddable":true,"href":"https:\/\/diocesanos.es\/blogs\/orientadioce\/wp-json\/wp\/v2\/tags?post=339"}],"curies":[{"name":"wp","href":"https:\/\/api.w.org\/{rel}","templated":true}]}}