{"id":290,"date":"2015-02-18T01:45:54","date_gmt":"2015-02-18T01:45:54","guid":{"rendered":"https:\/\/diocesanos.es\/blogs\/orientadioce\/?p=290"},"modified":"2015-02-26T04:50:47","modified_gmt":"2015-02-26T04:50:47","slug":"el-futuro-lo-decides-tu","status":"publish","type":"post","link":"https:\/\/diocesanos.es\/blogs\/orientadioce\/2015\/02\/18\/el-futuro-lo-decides-tu\/","title":{"rendered":"\u00a1 El futuro lo decides T\u00da !"},"content":{"rendered":"<p><img loading=\"lazy\" decoding=\"async\" class=\" size-medium wp-image-285 aligncenter\" src=\"https:\/\/diocesanos.es\/blogs\/orientadioce\/wp-content\/uploads\/sites\/11\/2015\/01\/IMG-20150214-WA00041-300x300.jpg\" alt=\"IMG-20150214-WA0004\" width=\"300\" height=\"300\" srcset=\"https:\/\/diocesanos.es\/blogs\/orientadioce\/wp-content\/uploads\/sites\/11\/2015\/01\/IMG-20150214-WA00041-300x300.jpg 300w, https:\/\/diocesanos.es\/blogs\/orientadioce\/wp-content\/uploads\/sites\/11\/2015\/01\/IMG-20150214-WA00041-150x150.jpg 150w, https:\/\/diocesanos.es\/blogs\/orientadioce\/wp-content\/uploads\/sites\/11\/2015\/01\/IMG-20150214-WA00041-230x230.jpg 230w, https:\/\/diocesanos.es\/blogs\/orientadioce\/wp-content\/uploads\/sites\/11\/2015\/01\/IMG-20150214-WA00041.jpg 640w\" sizes=\"auto, (max-width: 300px) 100vw, 300px\" \/><\/p>\n<p style=\"text-align: justify\">Habiendo sido todo un \u00e9xito las VII Jornadas Universitarias que se desarrollaron en nuestro Centro Educativo donde padres, alumnos y profesores participaron activamente tomando conocimiento de la amplia oferta educativa existente, y en las cuales participaron prestigiosas Universidades y Centros de Formaci\u00f3n Profesional Superior, buscaron llegar al futuro alumnado de forma cercana, clara, precisa, bas\u00e1ndose en la excelencia de la docencia que imparten.<\/p>\n<p style=\"text-align: justify\">Los representantes de las distintas universidades, explicaron las diversas carreras profesionales que os ofrecen, aclarando dudas de los requisitos acad\u00e9micos con los cuales se deben contar, as\u00ed como todo lo relacionado a la duraci\u00f3n de estudios, coste de matr\u00edculas, etc.<\/p>\n<p style=\"text-align: justify\">Todo ello, con el fin de continuar bien informados con la formaci\u00f3n acad\u00e9mica profesional, iniciando as\u00ed ,una nueva e importante etapa de desarrollo y participaci\u00f3n en nuestra sociedad con optimismo y fe en nuestro futuro.<\/p>\n<p style=\"text-align: justify\">Para los que necesit\u00e9is m\u00e1s informaci\u00f3n, pod\u00e9is pasaros por el Departamento de Orientaci\u00f3n, donde tenemos a vuestra disposici\u00f3n folletos de las distintas universidades que nos visitaron.<\/p>\n<p style=\"text-align: justify\">A continuaci\u00f3n, os presentamos los enlaces de las universidades que participaron\u00a0para que pod\u00e1is \u00a0acceder y conocer m\u00e1s sobre ellas:<\/p>\n<p style=\"text-align: justify\">-Universidad Cat\u00f3lica de \u00c1vila. (UCAV)\u00a0<span style=\"color: #0000ff\">https:\/<a style=\"color: #0000ff\" href=\"http:\/\/www.ucavila.es\/\">\/www.ucavila.es\/index.php?lang=es<\/a><\/span><\/p>\n<p style=\"text-align: justify\">-Universidad Francisco de Vitoria. (UFV)\u00a0<span style=\"color: #0000ff\"><a style=\"color: #0000ff\" href=\"http:\/\/www.ufv.es\/\">http:\/\/www.ufv.es\/inicio<\/a><\/span><\/p>\n<p style=\"text-align: justify\">-Universidad de Navarra.\u00a0<span style=\"color: #0000ff\"><span style=\"text-decoration: underline\">http<\/span><a style=\"color: #0000ff\" href=\"http:\/\/www.unav.edu\/\">:\/\/www.unav.edu\/<\/a><\/span><\/p>\n<p style=\"text-align: justify\">-Universidad Pontificia de Comillas (ICADE\/ICAE)\u00a0<span style=\"color: #0000ff\"><a style=\"color: #0000ff\" href=\"http:\/\/www.upcomillas.es\/en\/\">http:\/\/www.upcomillas.es\/en\/<\/a><\/span><\/p>\n<p style=\"text-align: justify\">-Universidad Pontificia de Salamanca (UPSA)\u00a0<span style=\"color: #0000ff\"><a style=\"color: #0000ff\" href=\"http:\/\/www.upsa.es\/\">http:\/\/www.upsa.es\/<\/a><\/span><\/p>\n<p style=\"text-align: justify\">-Escuela Polit\u00e9cnica Superior de \u00c1vila. (USAL)\u00a0<span style=\"text-decoration: underline;color: #0000ff\"><a style=\"color: #0000ff;text-decoration: underline\" href=\"http:\/\/www.usal.es\/webusal\/node\/20\">http:\/\/www.usal.es\/webusal\/node\/20<\/a><\/span><\/p>\n<p style=\"text-align: justify\">-Universidad San Pablo (CEU)\u00a0<span style=\"text-decoration: underline;color: #0000ff\"><a style=\"color: #0000ff;text-decoration: underline\" href=\"http:\/\/www.uspceu.com\/es\/home.php\">http:\/\/www.uspceu.com\/es\/home.php<\/a><\/span><\/p>\n<p style=\"text-align: justify\">-Universidad de Salamanca (USAL)\u00a0<span style=\"color: #0000ff\"><a style=\"color: #0000ff\" href=\"http:\/\/www.usal.es\/\">http:\/\/www.usal.es\/webusal<\/a>\/<\/span><\/p>\n<p style=\"text-align: center\">\u00a0 \u00a0 \u00a0 \u00a0 \u00a0 <strong>\u00a0 \u00a0\u00a1Buena suerte alumnos y que la excelencia siga siendo vuestro camino!<\/strong><\/p>\n<p style=\"text-align: justify\">Categor\u00eda:\u00a0<span style=\"color: #0000ff\"><a style=\"color: #0000ff\" href=\"https:\/\/diocesanos.es\/blogs\/orientadioce\/category\/bachillerato\/\">Bachillerato<\/a>,\u00a0<a style=\"color: #0000ff\" href=\"https:\/\/diocesanos.es\/blogs\/orientadioce\/category\/ciclos-formativos\/\">Ciclos Formativos<\/a>,\u00a0<a style=\"color: #0000ff\" href=\"https:\/\/diocesanos.es\/blogs\/orientadioce\/category\/educacion-secundaria-obligatoria\/o-acad-prof\/\">Orientaci\u00f3n Acad\u00e9mica &#8211; Profesional<\/a>,\u00a0<a style=\"color: #0000ff\" href=\"https:\/\/diocesanos.es\/blogs\/orientadioce\/category\/bachillerato\/universidades\/\">Universidades<\/a><\/span><\/p>\n","protected":false},"excerpt":{"rendered":"<p>Habiendo sido todo un \u00e9xito las VII Jornadas Universitarias que se desarrollaron en nuestro Centro Educativo donde padres, alumnos y profesores participaron activamente tomando conocimiento de la amplia oferta educativa existente, y en las cuales participaron prestigiosas Universidades y Centros de Formaci\u00f3n Profesional Superior, buscaron llegar al futuro alumnado de forma cercana, clara, precisa, bas\u00e1ndose [&hellip;]<\/p>\n","protected":false},"author":14,"featured_media":0,"comment_status":"open","ping_status":"open","sticky":false,"template":"","format":"standard","meta":{"footnotes":""},"categories":[13,14,10,3,1,31],"tags":[],"class_list":["post-290","post","type-post","status-publish","format-standard","hentry","category-bachillerato","category-ciclos-formativos","category-motivacion","category-o-acad-prof","category-sin-categoria","category-tutorias-eso"],"_links":{"self":[{"href":"https:\/\/diocesanos.es\/blogs\/orientadioce\/wp-json\/wp\/v2\/posts\/290","targetHints":{"allow":["GET"]}}],"collection":[{"href":"https:\/\/diocesanos.es\/blogs\/orientadioce\/wp-json\/wp\/v2\/posts"}],"about":[{"href":"https:\/\/diocesanos.es\/blogs\/orientadioce\/wp-json\/wp\/v2\/types\/post"}],"author":[{"embeddable":true,"href":"https:\/\/diocesanos.es\/blogs\/orientadioce\/wp-json\/wp\/v2\/users\/14"}],"replies":[{"embeddable":true,"href":"https:\/\/diocesanos.es\/blogs\/orientadioce\/wp-json\/wp\/v2\/comments?post=290"}],"version-history":[{"count":0,"href":"https:\/\/diocesanos.es\/blogs\/orientadioce\/wp-json\/wp\/v2\/posts\/290\/revisions"}],"wp:attachment":[{"href":"https:\/\/diocesanos.es\/blogs\/orientadioce\/wp-json\/wp\/v2\/media?parent=290"}],"wp:term":[{"taxonomy":"category","embeddable":true,"href":"https:\/\/diocesanos.es\/blogs\/orientadioce\/wp-json\/wp\/v2\/categories?post=290"},{"taxonomy":"post_tag","embeddable":true,"href":"https:\/\/diocesanos.es\/blogs\/orientadioce\/wp-json\/wp\/v2\/tags?post=290"}],"curies":[{"name":"wp","href":"https:\/\/api.w.org\/{rel}","templated":true}]}}