{"id":264,"date":"2015-02-05T08:23:31","date_gmt":"2015-02-05T08:23:31","guid":{"rendered":"https:\/\/diocesanos.es\/blogs\/orientadioce\/?p=264"},"modified":"2015-02-05T08:23:31","modified_gmt":"2015-02-05T08:23:31","slug":"segunda-sesion-premisa-escuela-de-padres","status":"publish","type":"post","link":"https:\/\/diocesanos.es\/blogs\/orientadioce\/2015\/02\/05\/segunda-sesion-premisa-escuela-de-padres\/","title":{"rendered":"SEGUNDA SESI\u00d3N PREMISA-ESCUELA DE PADRES"},"content":{"rendered":"<p>&nbsp;<\/p>\n<p>&nbsp;<\/p>\n<p><a href=\"https:\/\/diocesanos.es\/blogs\/orientadioce\/wp-content\/uploads\/sites\/11\/2015\/02\/images8Z7ZHVUR.jpg\"><img loading=\"lazy\" decoding=\"async\" class=\" size-full wp-image-265 aligncenter\" src=\"https:\/\/diocesanos.es\/blogs\/orientadioce\/wp-content\/uploads\/sites\/11\/2015\/02\/images8Z7ZHVUR.jpg\" alt=\"images8Z7ZHVUR\" width=\"188\" height=\"269\" srcset=\"https:\/\/diocesanos.es\/blogs\/orientadioce\/wp-content\/uploads\/sites\/11\/2015\/02\/images8Z7ZHVUR.jpg 188w, https:\/\/diocesanos.es\/blogs\/orientadioce\/wp-content\/uploads\/sites\/11\/2015\/02\/images8Z7ZHVUR-161x230.jpg 161w\" sizes=\"auto, (max-width: 188px) 100vw, 188px\" \/><\/a><\/p>\n<h3><em>Os recordamos que el pr\u00f3ximo martes tendr\u00e1 lugar la segunda sesi\u00f3n de nuestra Escuela de Padres (PREMISA). En esta ocasi\u00f3n nos sumergiremos en el fascinante mundo de la lectura. Est\u00e1is TODOS invitados a\u00a0compartir de nuevo con nosotros un espacio en el que os ofreceremos ideas y recursos para poner en pr\u00e1ctica en vuestro d\u00eda a d\u00eda como padres.\u00a0<\/em><\/h3>\n<h1 style=\"text-align: center\">\u00a0<span style=\"color: #993366;text-decoration: underline\">SEGUNDA SESI\u00d3N:<\/span><\/h1>\n<h1 style=\"text-align: center\"><span style=\"color: #993366\"><strong><em>\u00abTaller de lectura \u00bfC\u00f3mo crear un buen h\u00e1bito lector?\u00bb<\/em><\/strong><\/span><\/h1>\n<h1 style=\"text-align: center\"><span style=\"color: #993366\">D\u00cdA:\u00a0<strong>Martes, 10 de febrero a las 17h.<\/strong><\/span><\/h1>\n<h4 style=\"text-align: center\"><span style=\"color: #000000\">AULA: 5\u00ba DE PRIMARIA \u00abA\u00bb<\/span><\/h4>\n<h4 style=\"text-align: center\"><span style=\"color: #000000\">DURACI\u00d3N: 1 HORA<\/span><\/h4>\n","protected":false},"excerpt":{"rendered":"<p>&nbsp; &nbsp; Os recordamos que el pr\u00f3ximo martes tendr\u00e1 lugar la segunda sesi\u00f3n de nuestra Escuela de Padres (PREMISA). En esta ocasi\u00f3n nos sumergiremos en el fascinante mundo de la lectura. Est\u00e1is TODOS invitados a\u00a0compartir de nuevo con nosotros un espacio en el que os ofreceremos ideas y recursos para poner en pr\u00e1ctica en vuestro [&hellip;]<\/p>\n","protected":false},"author":14,"featured_media":0,"comment_status":"open","ping_status":"open","sticky":false,"template":"","format":"standard","meta":{"footnotes":""},"categories":[1],"tags":[],"class_list":["post-264","post","type-post","status-publish","format-standard","hentry","category-sin-categoria"],"_links":{"self":[{"href":"https:\/\/diocesanos.es\/blogs\/orientadioce\/wp-json\/wp\/v2\/posts\/264","targetHints":{"allow":["GET"]}}],"collection":[{"href":"https:\/\/diocesanos.es\/blogs\/orientadioce\/wp-json\/wp\/v2\/posts"}],"about":[{"href":"https:\/\/diocesanos.es\/blogs\/orientadioce\/wp-json\/wp\/v2\/types\/post"}],"author":[{"embeddable":true,"href":"https:\/\/diocesanos.es\/blogs\/orientadioce\/wp-json\/wp\/v2\/users\/14"}],"replies":[{"embeddable":true,"href":"https:\/\/diocesanos.es\/blogs\/orientadioce\/wp-json\/wp\/v2\/comments?post=264"}],"version-history":[{"count":0,"href":"https:\/\/diocesanos.es\/blogs\/orientadioce\/wp-json\/wp\/v2\/posts\/264\/revisions"}],"wp:attachment":[{"href":"https:\/\/diocesanos.es\/blogs\/orientadioce\/wp-json\/wp\/v2\/media?parent=264"}],"wp:term":[{"taxonomy":"category","embeddable":true,"href":"https:\/\/diocesanos.es\/blogs\/orientadioce\/wp-json\/wp\/v2\/categories?post=264"},{"taxonomy":"post_tag","embeddable":true,"href":"https:\/\/diocesanos.es\/blogs\/orientadioce\/wp-json\/wp\/v2\/tags?post=264"}],"curies":[{"name":"wp","href":"https:\/\/api.w.org\/{rel}","templated":true}]}}