{"id":238,"date":"2015-01-14T10:18:41","date_gmt":"2015-01-14T10:18:41","guid":{"rendered":"https:\/\/diocesanos.es\/blogs\/orientadioce\/?p=238"},"modified":"2015-01-14T17:02:43","modified_gmt":"2015-01-14T17:02:43","slug":"taller-de-tecnicas-de-estudio","status":"publish","type":"post","link":"https:\/\/diocesanos.es\/blogs\/orientadioce\/2015\/01\/14\/taller-de-tecnicas-de-estudio\/","title":{"rendered":"Taller de t\u00e9cnicas de estudio"},"content":{"rendered":"<p style=\"text-align: justify\">\u00a1Ya estamos de vuelta! <strong>\u00a1Feliz a\u00f1o 2015 a todos!<\/strong> Esperamos que comenc\u00e9is el nuevo a\u00f1o con ganas de mejorar, cambiar, innovar&#8230;porque nosotros seguimos en este camino.<a href=\"https:\/\/diocesanos.es\/blogs\/orientadioce\/wp-content\/uploads\/sites\/11\/2015\/01\/Camino.de_.piedra.jpg\"><img loading=\"lazy\" decoding=\"async\" class=\"  wp-image-239 aligncenter\" src=\"https:\/\/diocesanos.es\/blogs\/orientadioce\/wp-content\/uploads\/sites\/11\/2015\/01\/Camino.de_.piedra-300x268.jpg\" alt=\"Camino.de.piedra\" width=\"261\" height=\"233\" srcset=\"https:\/\/diocesanos.es\/blogs\/orientadioce\/wp-content\/uploads\/sites\/11\/2015\/01\/Camino.de_.piedra-300x268.jpg 300w, https:\/\/diocesanos.es\/blogs\/orientadioce\/wp-content\/uploads\/sites\/11\/2015\/01\/Camino.de_.piedra-257x230.jpg 257w, https:\/\/diocesanos.es\/blogs\/orientadioce\/wp-content\/uploads\/sites\/11\/2015\/01\/Camino.de_.piedra.jpg 650w\" sizes=\"auto, (max-width: 261px) 100vw, 261px\" \/><\/a><\/p>\n<p>Un a\u00f1o m\u00e1s, tras la valoraci\u00f3n de los resultados obtenidos en la primera evaluaci\u00f3n, el Departamento de Orientaci\u00f3n nos ofrecemos a impartir el Taller de T\u00e9cnicas de Estudio. Un taller en el que aprenderemos y practicaremos diferentes t\u00e9cnicas que nos ayudan a ser m\u00e1s efectivos a la hora de estudiar. <a href=\"https:\/\/diocesanos.es\/blogs\/orientadioce\/wp-content\/uploads\/sites\/11\/2015\/01\/curso-tecnicas-de-estudio-gratis.jpg\"><img loading=\"lazy\" decoding=\"async\" class=\" size-medium wp-image-240 aligncenter\" src=\"https:\/\/diocesanos.es\/blogs\/orientadioce\/wp-content\/uploads\/sites\/11\/2015\/01\/curso-tecnicas-de-estudio-gratis-300x281.jpg\" alt=\"student with stack of books\" width=\"300\" height=\"281\" srcset=\"https:\/\/diocesanos.es\/blogs\/orientadioce\/wp-content\/uploads\/sites\/11\/2015\/01\/curso-tecnicas-de-estudio-gratis-300x281.jpg 300w, https:\/\/diocesanos.es\/blogs\/orientadioce\/wp-content\/uploads\/sites\/11\/2015\/01\/curso-tecnicas-de-estudio-gratis-246x230.jpg 246w, https:\/\/diocesanos.es\/blogs\/orientadioce\/wp-content\/uploads\/sites\/11\/2015\/01\/curso-tecnicas-de-estudio-gratis.jpg 358w\" sizes=\"auto, (max-width: 300px) 100vw, 300px\" \/><\/a>Comenzar\u00e1 el 19 de Enero y finalizar\u00e1 el 9 de marzo. Este taller est\u00e1 dirigido a los alumnos de 6\u00ba de E. Primaria, 1\u00ba y 2\u00ba de ESO a propuesta de su tutor\/a, que pertenezcan al Gabinete Psicopedag\u00f3gico del Centro.<\/p>\n<p>Las sesiones abarcar\u00e1n diferentes aspectos a tener en cuenta en el estudio diario, tales como:<\/p>\n<p>&#8211; D\u00f3nde estudiar y c\u00f3mo organizarse.<\/p>\n<p>&#8211; La lectura comprensiva.<\/p>\n<p>&#8211; T\u00e9cnica de estudio: El subrayado.<\/p>\n<p>&#8211; T\u00e9cnica de estudio: El esquema.<\/p>\n<p>&#8211; La memoria.<\/p>\n<p>&#8211; La actitud ante los ex\u00e1menes.<\/p>\n<p>Esperamos que sea de gran utilidad para los que asist\u00e1is. No dud\u00e9is en preguntarnos cualquier duda sobre este taller.\u00a0\u00a0\u00a0 \u00a1Os esperamos!<\/p>\n<p>Y para los que no pod\u00e1is asistir a este taller, os dejamos aqu\u00ed el enlace a algunos materiales muy interesantes para trabajar las t\u00e9cnicas y ser m\u00e1s eficaces en vuestro tiempo de estudio.<\/p>\n<p><a title=\"G.T. Orientadores y Orientadoras del Campo de Gibraltar.\" href=\"http:\/\/entrepasillosyaulas.blogspot.com.es\/2012\/10\/cuadernillos-de-estrategias-para-la.html\">G.T. Orientadores y Orientadoras del Campo de Gibraltar. Blog Entre pasillos y aulas.<\/a><\/p>\n<p>Fuente de las im\u00e1genes: <span style=\"color: #000000\">www.<span class=\"_r3\"><a class=\"_ZR irc_hol\" style=\"color: #000000;text-decoration: underline\" href=\"http:\/\/www.google.es\/url?sa=i&amp;source=images&amp;cd=&amp;ved=0CAcQjB04MA&amp;url=http%3A%2F%2Fdesmotivaciones.es%2F4358416%2FEn-el-camino-de-la-vida&amp;ei=8KavVKmBA8rpUo_wgMAB&amp;psig=AFQjCNGmN21njq5o53QWHp1GjAb41xZC9w&amp;ust=1420884080111063\"><span class=\"irc_ho\" dir=\"ltr\">desmotivaciones.es, <\/span><\/a><\/span><\/span><span class=\"_r3\" style=\"color: #000000\"><a class=\"_ZR irc_hol\" style=\"color: #000000;text-decoration: underline\" href=\"http:\/\/www.google.es\/url?sa=i&amp;source=images&amp;cd=&amp;cad=rja&amp;uact=8&amp;ved=0CAcQjB04Eg&amp;url=http%3A%2F%2Fwww.metaaprendizaje.net%2Fmini-curso-gratis-tecnicas-de-estudio%2F&amp;ei=daavVKODHoX-UtuMgbAG&amp;psig=AFQjCNHtjMhMLO_ebzfS2Py0vkmkMygKHQ&amp;ust=1420883957573091\"><span class=\"irc_ho\" dir=\"ltr\">www.metaaprendizaje.net<\/span><\/a><\/span><\/p>\n","protected":false},"excerpt":{"rendered":"<p>\u00a1Ya estamos de vuelta! \u00a1Feliz a\u00f1o 2015 a todos! Esperamos que comenc\u00e9is el nuevo a\u00f1o con ganas de mejorar, cambiar, innovar&#8230;porque nosotros seguimos en este camino. Un a\u00f1o m\u00e1s, tras la valoraci\u00f3n de los resultados obtenidos en la primera evaluaci\u00f3n, el Departamento de Orientaci\u00f3n nos ofrecemos a impartir el Taller de T\u00e9cnicas de Estudio. Un [&hellip;]<\/p>\n","protected":false},"author":14,"featured_media":0,"comment_status":"open","ping_status":"open","sticky":false,"template":"","format":"standard","meta":{"footnotes":""},"categories":[21,20,7,8,1,24,31],"tags":[],"class_list":["post-238","post","type-post","status-publish","format-standard","hentry","category-atencion-y-concentracion","category-comprension-lectora","category-educacion-primaria","category-educacion-secundaria-obligatoria","category-sin-categoria","category-tecnicas-de-estudio","category-tutorias-eso"],"_links":{"self":[{"href":"https:\/\/diocesanos.es\/blogs\/orientadioce\/wp-json\/wp\/v2\/posts\/238","targetHints":{"allow":["GET"]}}],"collection":[{"href":"https:\/\/diocesanos.es\/blogs\/orientadioce\/wp-json\/wp\/v2\/posts"}],"about":[{"href":"https:\/\/diocesanos.es\/blogs\/orientadioce\/wp-json\/wp\/v2\/types\/post"}],"author":[{"embeddable":true,"href":"https:\/\/diocesanos.es\/blogs\/orientadioce\/wp-json\/wp\/v2\/users\/14"}],"replies":[{"embeddable":true,"href":"https:\/\/diocesanos.es\/blogs\/orientadioce\/wp-json\/wp\/v2\/comments?post=238"}],"version-history":[{"count":0,"href":"https:\/\/diocesanos.es\/blogs\/orientadioce\/wp-json\/wp\/v2\/posts\/238\/revisions"}],"wp:attachment":[{"href":"https:\/\/diocesanos.es\/blogs\/orientadioce\/wp-json\/wp\/v2\/media?parent=238"}],"wp:term":[{"taxonomy":"category","embeddable":true,"href":"https:\/\/diocesanos.es\/blogs\/orientadioce\/wp-json\/wp\/v2\/categories?post=238"},{"taxonomy":"post_tag","embeddable":true,"href":"https:\/\/diocesanos.es\/blogs\/orientadioce\/wp-json\/wp\/v2\/tags?post=238"}],"curies":[{"name":"wp","href":"https:\/\/api.w.org\/{rel}","templated":true}]}}