{"id":189,"date":"2014-12-09T10:25:27","date_gmt":"2014-12-09T10:25:27","guid":{"rendered":"https:\/\/diocesanos.es\/blogs\/orientadioce\/?p=189"},"modified":"2014-12-09T13:25:09","modified_gmt":"2014-12-09T13:25:09","slug":"dinamicas-de-grupos-para-trabajar-los-resultados-del-sociometrico","status":"publish","type":"post","link":"https:\/\/diocesanos.es\/blogs\/orientadioce\/2014\/12\/09\/dinamicas-de-grupos-para-trabajar-los-resultados-del-sociometrico\/","title":{"rendered":"DIN\u00c1MICAS DE GRUPOS PARA TRABAJAR LOS RESULTADOS DEL SOCIOM\u00c9TRICO"},"content":{"rendered":"<p><strong>Y DESPU\u00c9S DE LOS SOCIOM\u00c9TRICOS QU\u00c9?<\/strong><\/p>\n<p>Despu\u00e9s de aplicar las pruebas sociom\u00e9tricas a nuestros alumnos de Educaci\u00f3n Secundaria nos encontramos con el reto de intervenir para poder solucionar aquellas dificultades de integraci\u00f3n y relaci\u00f3n social que vemos en nuestras aulas. Para ello es esencial abordar esta intervenci\u00f3n desde la <strong>Inteligencia Emocional<\/strong>. El trabajo de la <strong>asertividad, la empat\u00eda, la toma de decisiones, las habilidades de comunicaci\u00f3n b\u00e1sicas<\/strong> son esenciales para orientar nuestra pr\u00e1ctica como docentes.<\/p>\n<p style=\"text-align: center\"><a href=\"https:\/\/diocesanos.es\/blogs\/orientadioce\/wp-content\/uploads\/sites\/11\/2014\/11\/jovenes-4.jpeg\"><img loading=\"lazy\" decoding=\"async\" class=\"alignnone size-full wp-image-192\" src=\"https:\/\/diocesanos.es\/blogs\/orientadioce\/wp-content\/uploads\/sites\/11\/2014\/11\/jovenes-4.jpeg\" alt=\"jovenes 4\" width=\"225\" height=\"225\" srcset=\"https:\/\/diocesanos.es\/blogs\/orientadioce\/wp-content\/uploads\/sites\/11\/2014\/11\/jovenes-4.jpeg 225w, https:\/\/diocesanos.es\/blogs\/orientadioce\/wp-content\/uploads\/sites\/11\/2014\/11\/jovenes-4-150x150.jpeg 150w\" sizes=\"auto, (max-width: 225px) 100vw, 225px\" \/><\/a><br \/>\nA continuaci\u00f3n os proporcionamos un <strong>enlace muy \u00fatil<\/strong> en el que se presentan una serie de din\u00e1micas para desarrollar estos aspectos en el aula. Las din\u00e1micas que pod\u00e9is encontrar son:<\/p>\n<p>Din\u00e1micas de Asertividad<\/p>\n<p>Din\u00e1micas de Autoestima<\/p>\n<p>Din\u00e1micas de Autoconocimiento<\/p>\n<p>Din\u00e1micas de Comunicaci\u00f3n: Escucha Activa<\/p>\n<p>Din\u00e1micas de Confianza <a href=\"https:\/\/diocesanos.es\/blogs\/orientadioce\/wp-content\/uploads\/sites\/11\/2014\/11\/jovenes-3.jpeg\"><img loading=\"lazy\" decoding=\"async\" class=\"alignright wp-image-191 \" src=\"https:\/\/diocesanos.es\/blogs\/orientadioce\/wp-content\/uploads\/sites\/11\/2014\/11\/jovenes-3.jpeg\" alt=\"jovenes 3\" width=\"331\" height=\"331\" srcset=\"https:\/\/diocesanos.es\/blogs\/orientadioce\/wp-content\/uploads\/sites\/11\/2014\/11\/jovenes-3.jpeg 225w, https:\/\/diocesanos.es\/blogs\/orientadioce\/wp-content\/uploads\/sites\/11\/2014\/11\/jovenes-3-150x150.jpeg 150w\" sizes=\"auto, (max-width: 331px) 100vw, 331px\" \/><\/a><\/p>\n<p>Din\u00e1micas de Conocimiento<\/p>\n<p>Din\u00e1micas de Distensi\u00f3n<\/p>\n<p>Din\u00e1micas de Empat\u00eda<\/p>\n<p>Din\u00e1micas de Habilidades Sociales<\/p>\n<p>Din\u00e1micas de Toma De Decisiones Rol<\/p>\n<p>14 Sesiones De Educaci\u00f3n Emocional<\/p>\n<p>&nbsp;<\/p>\n<p><strong>El enlace es el siguiente: <a title=\"Din\u00e1micas Inteligencia Emocional\" href=\"http:\/\/orientafer.blogspot.com.es\/2011\/09\/126-dinamicas-de-educacion-emocional.html\">http:\/\/orientafer.blogspot.com.es\/2011\/09\/126-dinamicas-de-educacion-emocional.html<\/a><\/strong><\/p>\n<p>!Esperamos que os sirvan!<\/p>\n","protected":false},"excerpt":{"rendered":"<p>Y DESPU\u00c9S DE LOS SOCIOM\u00c9TRICOS QU\u00c9? Despu\u00e9s de aplicar las pruebas sociom\u00e9tricas a nuestros alumnos de Educaci\u00f3n Secundaria nos encontramos con el reto de intervenir para poder solucionar aquellas dificultades de integraci\u00f3n y relaci\u00f3n social que vemos en nuestras aulas. Para ello es esencial abordar esta intervenci\u00f3n desde la Inteligencia Emocional. El trabajo de la [&hellip;]<\/p>\n","protected":false},"author":14,"featured_media":193,"comment_status":"open","ping_status":"open","sticky":false,"template":"","format":"standard","meta":{"footnotes":""},"categories":[1],"tags":[],"class_list":["post-189","post","type-post","status-publish","format-standard","has-post-thumbnail","hentry","category-sin-categoria"],"_links":{"self":[{"href":"https:\/\/diocesanos.es\/blogs\/orientadioce\/wp-json\/wp\/v2\/posts\/189","targetHints":{"allow":["GET"]}}],"collection":[{"href":"https:\/\/diocesanos.es\/blogs\/orientadioce\/wp-json\/wp\/v2\/posts"}],"about":[{"href":"https:\/\/diocesanos.es\/blogs\/orientadioce\/wp-json\/wp\/v2\/types\/post"}],"author":[{"embeddable":true,"href":"https:\/\/diocesanos.es\/blogs\/orientadioce\/wp-json\/wp\/v2\/users\/14"}],"replies":[{"embeddable":true,"href":"https:\/\/diocesanos.es\/blogs\/orientadioce\/wp-json\/wp\/v2\/comments?post=189"}],"version-history":[{"count":0,"href":"https:\/\/diocesanos.es\/blogs\/orientadioce\/wp-json\/wp\/v2\/posts\/189\/revisions"}],"wp:featuredmedia":[{"embeddable":true,"href":"https:\/\/diocesanos.es\/blogs\/orientadioce\/wp-json\/wp\/v2\/media\/193"}],"wp:attachment":[{"href":"https:\/\/diocesanos.es\/blogs\/orientadioce\/wp-json\/wp\/v2\/media?parent=189"}],"wp:term":[{"taxonomy":"category","embeddable":true,"href":"https:\/\/diocesanos.es\/blogs\/orientadioce\/wp-json\/wp\/v2\/categories?post=189"},{"taxonomy":"post_tag","embeddable":true,"href":"https:\/\/diocesanos.es\/blogs\/orientadioce\/wp-json\/wp\/v2\/tags?post=189"}],"curies":[{"name":"wp","href":"https:\/\/api.w.org\/{rel}","templated":true}]}}