{"id":186,"date":"2014-12-09T08:53:29","date_gmt":"2014-12-09T08:53:29","guid":{"rendered":"https:\/\/diocesanos.es\/blogs\/orientadioce\/?p=186"},"modified":"2014-12-09T13:24:21","modified_gmt":"2014-12-09T13:24:21","slug":"evaluacion-de-la-psicomotricidad-en-educacion-infantil","status":"publish","type":"post","link":"https:\/\/diocesanos.es\/blogs\/orientadioce\/2014\/12\/09\/evaluacion-de-la-psicomotricidad-en-educacion-infantil\/","title":{"rendered":"EVALUACI\u00d3N DE LA PSICOMOTRICIDAD EN EDUCACI\u00d3N INFANTIL"},"content":{"rendered":"<p><a href=\"https:\/\/diocesanos.es\/blogs\/orientadioce\/wp-content\/uploads\/sites\/11\/2014\/11\/aula-m\u00e1gica.jpg\"><img loading=\"lazy\" decoding=\"async\" class=\"size-medium wp-image-187 aligncenter\" src=\"https:\/\/diocesanos.es\/blogs\/orientadioce\/wp-content\/uploads\/sites\/11\/2014\/11\/aula-m\u00e1gica-300x226.jpg\" alt=\"aula m\u00e1gica\" width=\"300\" height=\"226\" srcset=\"https:\/\/diocesanos.es\/blogs\/orientadioce\/wp-content\/uploads\/sites\/11\/2014\/11\/aula-m\u00e1gica-300x226.jpg 300w, https:\/\/diocesanos.es\/blogs\/orientadioce\/wp-content\/uploads\/sites\/11\/2014\/11\/aula-m\u00e1gica-304x230.jpg 304w, https:\/\/diocesanos.es\/blogs\/orientadioce\/wp-content\/uploads\/sites\/11\/2014\/11\/aula-m\u00e1gica.jpg 640w\" sizes=\"auto, (max-width: 300px) 100vw, 300px\" \/><\/a><\/p>\n<p>&nbsp;<\/p>\n<p>En esta primera semana del mes de Noviembre, desde el Departamento de Orientaci\u00f3n, se est\u00e1 llevando a cabo una evaluaci\u00f3n de las habilidades de coordinaci\u00f3n motora y de las habilidades perceptivo-manipulativas en los alumnos del primer curso del segundo ciclo de Educaci\u00f3n infantil.<\/p>\n<p>El objetivo general que se persigue es realizar una valoraci\u00f3n y seguimiento de la evoluci\u00f3n del\/de la\u00a0ni\u00f1o\/a en un \u00e1mbito esencial para su desarrollo.<\/p>\n<p>&nbsp;<\/p>\n","protected":false},"excerpt":{"rendered":"<p>&nbsp; En esta primera semana del mes de Noviembre, desde el Departamento de Orientaci\u00f3n, se est\u00e1 llevando a cabo una evaluaci\u00f3n de las habilidades de coordinaci\u00f3n motora y de las habilidades perceptivo-manipulativas en los alumnos del primer curso del segundo ciclo de Educaci\u00f3n infantil. El objetivo general que se persigue es realizar una valoraci\u00f3n y [&hellip;]<\/p>\n","protected":false},"author":14,"featured_media":0,"comment_status":"open","ping_status":"open","sticky":false,"template":"","format":"standard","meta":{"footnotes":""},"categories":[6,11,16],"tags":[],"class_list":["post-186","post","type-post","status-publish","format-standard","hentry","category-educacion-infantil","category-escuela-de-padres","category-estimulacion-temprana"],"_links":{"self":[{"href":"https:\/\/diocesanos.es\/blogs\/orientadioce\/wp-json\/wp\/v2\/posts\/186","targetHints":{"allow":["GET"]}}],"collection":[{"href":"https:\/\/diocesanos.es\/blogs\/orientadioce\/wp-json\/wp\/v2\/posts"}],"about":[{"href":"https:\/\/diocesanos.es\/blogs\/orientadioce\/wp-json\/wp\/v2\/types\/post"}],"author":[{"embeddable":true,"href":"https:\/\/diocesanos.es\/blogs\/orientadioce\/wp-json\/wp\/v2\/users\/14"}],"replies":[{"embeddable":true,"href":"https:\/\/diocesanos.es\/blogs\/orientadioce\/wp-json\/wp\/v2\/comments?post=186"}],"version-history":[{"count":0,"href":"https:\/\/diocesanos.es\/blogs\/orientadioce\/wp-json\/wp\/v2\/posts\/186\/revisions"}],"wp:attachment":[{"href":"https:\/\/diocesanos.es\/blogs\/orientadioce\/wp-json\/wp\/v2\/media?parent=186"}],"wp:term":[{"taxonomy":"category","embeddable":true,"href":"https:\/\/diocesanos.es\/blogs\/orientadioce\/wp-json\/wp\/v2\/categories?post=186"},{"taxonomy":"post_tag","embeddable":true,"href":"https:\/\/diocesanos.es\/blogs\/orientadioce\/wp-json\/wp\/v2\/tags?post=186"}],"curies":[{"name":"wp","href":"https:\/\/api.w.org\/{rel}","templated":true}]}}