{"id":81,"date":"2014-05-20T15:45:06","date_gmt":"2014-05-20T13:45:06","guid":{"rendered":"https:\/\/diocesanos.es\/blogs\/leotic\/?p=81"},"modified":"2015-02-12T16:11:19","modified_gmt":"2015-02-12T15:11:19","slug":"vi-certamen-de-relato-breve","status":"publish","type":"post","link":"https:\/\/diocesanos.es\/blogs\/leotic\/2014\/05\/20\/vi-certamen-de-relato-breve\/","title":{"rendered":"VI Certamen de Relato Breve"},"content":{"rendered":"<p style=\"text-align: justify\">Los profesores del Departamento de Lengua Castellana y Literatura de los Colegios Diocesanos, Asunci\u00f3n de Nuestra Se\u00f1ora y Pablo VI, se reunieron el pasado martes, 13 de Mayo, para seleccionar los mejores relatos.<\/p>\n<p style=\"text-align: justify\">Se presentaron un total de 119 trabajos. Los ganadores podr\u00e1n recoger sus correspondientes premios el <strong>D\u00eda de la Familia<\/strong>, que se celebrar\u00e1 el pr\u00f3ximo 7 de Junio.<\/p>\n<p style=\"text-align: center\"><strong>CONSULTA LA RELACI\u00d3N DE GANADORES Y DISFRUTA LEYENDO LOS MEJORES TEXTOS<\/strong><\/p>\n<p style=\"text-align: center\">\n<p style=\"text-align: justify\"><a href=\"https:\/\/diocesanos.es\/blogs\/leotic\/wp-content\/uploads\/sites\/17\/2015\/02\/concurso-relato-600x350.jpg\"><img loading=\"lazy\" decoding=\"async\" class=\" size-medium wp-image-82 aligncenter\" src=\"https:\/\/diocesanos.es\/blogs\/leotic\/wp-content\/uploads\/sites\/17\/2015\/02\/concurso-relato-600x350-300x175.jpg\" alt=\"concurso-relato-600x350\" width=\"300\" height=\"175\" srcset=\"https:\/\/diocesanos.es\/blogs\/leotic\/wp-content\/uploads\/sites\/17\/2015\/02\/concurso-relato-600x350-300x175.jpg 300w, https:\/\/diocesanos.es\/blogs\/leotic\/wp-content\/uploads\/sites\/17\/2015\/02\/concurso-relato-600x350-394x230.jpg 394w, https:\/\/diocesanos.es\/blogs\/leotic\/wp-content\/uploads\/sites\/17\/2015\/02\/concurso-relato-600x350.jpg 600w\" sizes=\"auto, (max-width: 300px) 100vw, 300px\" \/><\/a><\/p>\n<p>&nbsp;<\/p>\n<p>Los premiados en las diferentes categor\u00edas son:<\/p>\n<p style=\"text-align: justify\"><strong>CATEGOR\u00cdA A. Para alumnos de\u00a0<\/strong><strong>1\u00ba y 2\u00ba ESO<\/strong><\/p>\n<p><strong>Primer Premio<\/strong><\/p>\n<p style=\"text-align: justify;padding-left: 30px\">Sara Cuadrado P\u00e9rez, con\u00a0\u201cCAMBIOS\u201d<\/p>\n<p style=\"text-align: justify;padding-left: 30px\">Alumna de 2\u00ba ESO B .<strong>\u00a0<\/strong>Colegio Diocesano Asunci\u00f3n de Nuestra Se\u00f1ora<\/p>\n<p style=\"text-align: justify\">\n<p style=\"text-align: justify\"><strong>Segundo Premio<\/strong><\/p>\n<p style=\"text-align: justify;padding-left: 30px\">Mar\u00eda L\u00f3pez Melgar, con \u201cJUAN Y SU ARREPENTIMIENTO\u201d<\/p>\n<p style=\"text-align: justify;padding-left: 30px\">Alumna de 2\u00ba ESO A.\u00a0Colegio Diocesano Pablo VI<\/p>\n<p style=\"text-align: justify\">\n<p style=\"text-align: justify\"><strong>CATEGOR\u00cdA B. Para alumnos de\u00a0<\/strong><strong style=\"line-height: 1.5\">3\u00ba y 4\u00ba ESO<\/strong><\/p>\n<p style=\"text-align: justify\"><strong>Primer Premio<\/strong><\/p>\n<p style=\"text-align: justify;padding-left: 30px\">Mar\u00eda G\u00f3mez Mart\u00edn, con\u201cREFORMA A GOLPE DE PINCEL\u201d<\/p>\n<p style=\"text-align: justify;padding-left: 30px\">Alumna de 3\u00ba ESO B.\u00a0Colegio Diocesano Asunci\u00f3n de Nuestra Se\u00f1ora<\/p>\n<p style=\"text-align: justify\">\n<p style=\"text-align: justify\"><strong>Segundo Premio<\/strong><\/p>\n<p style=\"text-align: justify;padding-left: 30px\">\u00c1ngel Campo D\u00edaz, con\u00a0\u201cPUNTO Y COMA\u201d<\/p>\n<p style=\"text-align: justify;padding-left: 30px\">Alumno de 4\u00ba ESO D.\u00a0Colegio Diocesano Asunci\u00f3n de Nuestra Se\u00f1ora.<\/p>\n<p style=\"text-align: justify\">\n<p style=\"text-align: justify\"><strong>CATEGOR\u00cdA C. Para alumnos de\u00a0<\/strong><strong style=\"line-height: 1.5\">1\u00ba Y 2\u00ba Bachillerato y Ciclos Formativos<\/strong><\/p>\n<p style=\"text-align: justify\"><strong>Primer Premio<\/strong><\/p>\n<p style=\"text-align: justify;padding-left: 30px\">Ignacio S\u00e1nchez Quir\u00f3s, con\u00a0\u201cUN SUE\u00d1O ENVUELTO EN REALIDAD\u201d<\/p>\n<p style=\"text-align: justify;padding-left: 30px\">Alumno de 2\u00ba Bachillerato C.\u00a0Colegio Diocesano Asunci\u00f3n de Nuestra Se\u00f1ora<\/p>\n<p style=\"text-align: justify;padding-left: 30px\">\n<p style=\"text-align: justify\"><strong>Segundo Premio<\/strong><\/p>\n<p style=\"text-align: justify;padding-left: 30px\">Pablo Mart\u00ednez Riodr\u00edguez, con\u00a0\u201cTIEMPOS DE REFORMA\u201d<\/p>\n<p style=\"text-align: justify;padding-left: 30px\">Alumno de 1\u00ba Bachillerato B.\u00a0Colegio Diocesano Asunci\u00f3n de Nuestra Se\u00f1ora<\/p>\n<p style=\"text-align: center\"><strong>\u00a1\u00a1Enhorabuena a todos!!<\/strong><\/p>\n","protected":false},"excerpt":{"rendered":"<p>Los profesores del Departamento de Lengua Castellana y Literatura de los Colegios Diocesanos, Asunci\u00f3n de Nuestra Se\u00f1ora y Pablo VI, se reunieron el pasado martes, 13 de Mayo, para seleccionar los mejores relatos. Se presentaron un total de 119 trabajos. Los ganadores podr\u00e1n recoger sus correspondientes premios el D\u00eda de la Familia, que se celebrar\u00e1 [&hellip;]<\/p>\n","protected":false},"author":35,"featured_media":0,"comment_status":"closed","ping_status":"closed","sticky":false,"template":"","format":"standard","meta":{"footnotes":""},"categories":[1],"tags":[5,15,17,13,16,12],"class_list":["post-81","post","type-post","status-publish","format-standard","hentry","category-sin-categoria","tag-bachillerato","tag-ciclos-formativos","tag-colegio-diocesano-li","tag-creacion-literaria","tag-escribir","tag-eso"],"_links":{"self":[{"href":"https:\/\/diocesanos.es\/blogs\/leotic\/wp-json\/wp\/v2\/posts\/81","targetHints":{"allow":["GET"]}}],"collection":[{"href":"https:\/\/diocesanos.es\/blogs\/leotic\/wp-json\/wp\/v2\/posts"}],"about":[{"href":"https:\/\/diocesanos.es\/blogs\/leotic\/wp-json\/wp\/v2\/types\/post"}],"author":[{"embeddable":true,"href":"https:\/\/diocesanos.es\/blogs\/leotic\/wp-json\/wp\/v2\/users\/35"}],"replies":[{"embeddable":true,"href":"https:\/\/diocesanos.es\/blogs\/leotic\/wp-json\/wp\/v2\/comments?post=81"}],"version-history":[{"count":0,"href":"https:\/\/diocesanos.es\/blogs\/leotic\/wp-json\/wp\/v2\/posts\/81\/revisions"}],"wp:attachment":[{"href":"https:\/\/diocesanos.es\/blogs\/leotic\/wp-json\/wp\/v2\/media?parent=81"}],"wp:term":[{"taxonomy":"category","embeddable":true,"href":"https:\/\/diocesanos.es\/blogs\/leotic\/wp-json\/wp\/v2\/categories?post=81"},{"taxonomy":"post_tag","embeddable":true,"href":"https:\/\/diocesanos.es\/blogs\/leotic\/wp-json\/wp\/v2\/tags?post=81"}],"curies":[{"name":"wp","href":"https:\/\/api.w.org\/{rel}","templated":true}]}}