{"id":722,"date":"2015-03-24T13:30:24","date_gmt":"2015-03-24T12:30:24","guid":{"rendered":"https:\/\/diocesanos.es\/blogs\/leotic\/?p=722"},"modified":"2015-03-23T13:45:27","modified_gmt":"2015-03-23T12:45:27","slug":"no-tengais-miedo-a-sonar-a-lo-grande","status":"publish","type":"post","link":"https:\/\/diocesanos.es\/blogs\/leotic\/2015\/03\/24\/no-tengais-miedo-a-sonar-a-lo-grande\/","title":{"rendered":"No teng\u00e1is miedo a so\u00f1ar a lo grande"},"content":{"rendered":"<p><a href=\"https:\/\/diocesanos.es\/blogs\/leotic\/wp-content\/uploads\/sites\/17\/2015\/03\/unnamed.jpg\"><img loading=\"lazy\" decoding=\"async\" class=\"  wp-image-723 aligncenter\" src=\"https:\/\/diocesanos.es\/blogs\/leotic\/wp-content\/uploads\/sites\/17\/2015\/03\/unnamed-294x300.jpg\" alt=\"unnamed\" width=\"162\" height=\"165\" srcset=\"https:\/\/diocesanos.es\/blogs\/leotic\/wp-content\/uploads\/sites\/17\/2015\/03\/unnamed-294x300.jpg 294w, https:\/\/diocesanos.es\/blogs\/leotic\/wp-content\/uploads\/sites\/17\/2015\/03\/unnamed-225x230.jpg 225w, https:\/\/diocesanos.es\/blogs\/leotic\/wp-content\/uploads\/sites\/17\/2015\/03\/unnamed.jpg 678w\" sizes=\"auto, (max-width: 162px) 100vw, 162px\" \/><\/a><\/p>\n<p style=\"text-align: justify\">\u00abVosotros, j\u00f3venes, no pod\u00e9is estar sin esperanza, la esperanza forma parte de vuestro ser.<\/p>\n<p style=\"text-align: justify\">Un joven sin esperanza no es joven, ha envejecido demasiado pronto.<\/p>\n<p style=\"text-align: justify\">No mi\u0155eis la vida desde el balc\u00f3n.<\/p>\n<p style=\"text-align: justify\">Implicaos all\u00ed donde est\u00e1n los desaf\u00edos, que os piden ayuda para llevar adelante la vida, la lucha en favor de la dignidad de las personales, la lucha contra la pobreza, la lucha por los valores&#8230;\u00bb<\/p>\n<p style=\"text-align: justify\">As\u00ed comienza este magn\u00edfico libro escrito por El Papa Francisco.<\/p>\n<p style=\"text-align: justify\">Para ni\u00f1os, para j\u00f3venes, para adultos, para ancianos&#8230; recomendado para todo aqu\u00e9l que tenga un coraz\u00f3n vivo.<\/p>\n","protected":false},"excerpt":{"rendered":"<p>\u00abVosotros, j\u00f3venes, no pod\u00e9is estar sin esperanza, la esperanza forma parte de vuestro ser. Un joven sin esperanza no es joven, ha envejecido demasiado pronto. No mi\u0155eis la vida desde el balc\u00f3n. Implicaos all\u00ed donde est\u00e1n los desaf\u00edos, que os piden ayuda para llevar adelante la vida, la lucha en favor de la dignidad de [&hellip;]<\/p>\n","protected":false},"author":35,"featured_media":0,"comment_status":"closed","ping_status":"closed","sticky":false,"template":"","format":"standard","meta":{"footnotes":""},"categories":[1],"tags":[],"class_list":["post-722","post","type-post","status-publish","format-standard","hentry","category-sin-categoria"],"_links":{"self":[{"href":"https:\/\/diocesanos.es\/blogs\/leotic\/wp-json\/wp\/v2\/posts\/722","targetHints":{"allow":["GET"]}}],"collection":[{"href":"https:\/\/diocesanos.es\/blogs\/leotic\/wp-json\/wp\/v2\/posts"}],"about":[{"href":"https:\/\/diocesanos.es\/blogs\/leotic\/wp-json\/wp\/v2\/types\/post"}],"author":[{"embeddable":true,"href":"https:\/\/diocesanos.es\/blogs\/leotic\/wp-json\/wp\/v2\/users\/35"}],"replies":[{"embeddable":true,"href":"https:\/\/diocesanos.es\/blogs\/leotic\/wp-json\/wp\/v2\/comments?post=722"}],"version-history":[{"count":0,"href":"https:\/\/diocesanos.es\/blogs\/leotic\/wp-json\/wp\/v2\/posts\/722\/revisions"}],"wp:attachment":[{"href":"https:\/\/diocesanos.es\/blogs\/leotic\/wp-json\/wp\/v2\/media?parent=722"}],"wp:term":[{"taxonomy":"category","embeddable":true,"href":"https:\/\/diocesanos.es\/blogs\/leotic\/wp-json\/wp\/v2\/categories?post=722"},{"taxonomy":"post_tag","embeddable":true,"href":"https:\/\/diocesanos.es\/blogs\/leotic\/wp-json\/wp\/v2\/tags?post=722"}],"curies":[{"name":"wp","href":"https:\/\/api.w.org\/{rel}","templated":true}]}}