{"id":70,"date":"2014-05-23T13:35:19","date_gmt":"2014-05-23T11:35:19","guid":{"rendered":"https:\/\/diocesanos.es\/blogs\/leotic\/?p=70"},"modified":"2015-02-12T15:38:57","modified_gmt":"2015-02-12T14:38:57","slug":"concurso-relato-corto-si-puedes-imaginarlo-puedes-contarlo","status":"publish","type":"post","link":"https:\/\/diocesanos.es\/blogs\/leotic\/2014\/05\/23\/concurso-relato-corto-si-puedes-imaginarlo-puedes-contarlo\/","title":{"rendered":"Concurso Relato Corto: Si puedes imaginarlo, puedes contarlo"},"content":{"rendered":"<p><a href=\"https:\/\/diocesanos.es\/blogs\/leotic\/wp-content\/uploads\/sites\/17\/2015\/02\/20120306172820.cocacola.jpg\"><img loading=\"lazy\" decoding=\"async\" class=\" size-medium wp-image-71 aligncenter\" src=\"https:\/\/diocesanos.es\/blogs\/leotic\/wp-content\/uploads\/sites\/17\/2015\/02\/20120306172820.cocacola-189x300.jpg\" alt=\"20120306172820.cocacola\" width=\"189\" height=\"300\" srcset=\"https:\/\/diocesanos.es\/blogs\/leotic\/wp-content\/uploads\/sites\/17\/2015\/02\/20120306172820.cocacola-189x300.jpg 189w, https:\/\/diocesanos.es\/blogs\/leotic\/wp-content\/uploads\/sites\/17\/2015\/02\/20120306172820.cocacola-145x230.jpg 145w, https:\/\/diocesanos.es\/blogs\/leotic\/wp-content\/uploads\/sites\/17\/2015\/02\/20120306172820.cocacola.jpg 336w\" sizes=\"auto, (max-width: 189px) 100vw, 189px\" \/><\/a>\u00a0 \u00a0 \u00a0 \u00a0 \u00a0 \u00a0 \u00a0 \u00a0 \u00a0 \u00a0<a href=\"https:\/\/diocesanos.es\/blogs\/leotic\/wp-content\/uploads\/sites\/17\/2015\/02\/relato-corto.jpg\"><img loading=\"lazy\" decoding=\"async\" class=\"  wp-image-72 aligncenter\" src=\"https:\/\/diocesanos.es\/blogs\/leotic\/wp-content\/uploads\/sites\/17\/2015\/02\/relato-corto-300x225.jpg\" alt=\"relato corto\" width=\"296\" height=\"222\" srcset=\"https:\/\/diocesanos.es\/blogs\/leotic\/wp-content\/uploads\/sites\/17\/2015\/02\/relato-corto-300x225.jpg 300w, https:\/\/diocesanos.es\/blogs\/leotic\/wp-content\/uploads\/sites\/17\/2015\/02\/relato-corto-307x230.jpg 307w, https:\/\/diocesanos.es\/blogs\/leotic\/wp-content\/uploads\/sites\/17\/2015\/02\/relato-corto.jpg 800w\" sizes=\"auto, (max-width: 296px) 100vw, 296px\" \/><\/a><\/p>\n<p>&nbsp;<\/p>\n<p style=\"text-align: justify\">Cada a\u00f1o, la marca comercial <strong>Coca-cola<\/strong>, lanza su <strong>Concurso de Relatos cortos<\/strong>, dirigidos a j\u00f3venes creadores de toda Espa\u00f1a. Es, probablemente, el concurso m\u00e1s longevo del pa\u00eds.<\/p>\n<p style=\"text-align: justify\">Y, como no pod\u00eda ser de otra manera, el viernes 4 de abril, entre los m\u00e1s de\u00a0\u00a011.000 j\u00f3venes que se enfrentaban a la descabellada situaci\u00f3n de un mundo sin diccionarios, <strong>varios j\u00f3venes representaban\u00a0a\u00a0nuestro Colegio<\/strong>.<\/p>\n<p style=\"text-align: justify\">El\u00a0titular\u00a0de la cabecera dec\u00eda \u201cAlarma mundial. Desaparecen misteriosamente todos los diccionarios del planeta. Todos los diccionarios del planeta han amanecido con las definiciones trastocadas\u201d.<\/p>\n<p style=\"text-align: justify\">Nuestros representantes tuvieron que embarcarse en una investigaci\u00f3n creativa y literaria de la que salieron bien airosos.<\/p>\n<p style=\"text-align: justify\">Los resultados de esa investigaci\u00f3n, en\u00a0formato de Relato corto, se resolvieron el 22 de mayo y, entre los ganadores se encontraba nuestras alumna <strong>Sara Cuadrado<\/strong> de 2\u00ba de ESO del <a href=\"http:\/\/www.dioceavila.com\/index.php?mod=0&amp;opc=1\"><strong>Colegio Asunci\u00f3n de Nuestra Se\u00f1ora<\/strong><\/a>, y\u00a0<strong>Cristina Garc\u00eda<\/strong>, alumna de 2\u00ba de ESO del <strong><a href=\"http:\/\/www.colegiopablovi.es\/\">Colegio Pablo VI<\/a><\/strong>.<\/p>\n<p style=\"text-align: justify\">Hoy hemos recogido los premios y disfrutado de ellos\u00a0:\u00a0un MP4, y una ma\u00f1ana divertida montando en los karts del Circuito de Carlos Sainz, en Madrid, junto con los otros 56 premiados m\u00e1s de todo el pa\u00eds.<\/p>\n<p style=\"text-align: justify\">\n<p style=\"text-align: justify\">\u00a1FELICIDADES A LAS DOS!<\/p>\n","protected":false},"excerpt":{"rendered":"<p>\u00a0 \u00a0 \u00a0 \u00a0 \u00a0 \u00a0 \u00a0 \u00a0 \u00a0 \u00a0 &nbsp; Cada a\u00f1o, la marca comercial Coca-cola, lanza su Concurso de Relatos cortos, dirigidos a j\u00f3venes creadores de toda Espa\u00f1a. Es, probablemente, el concurso m\u00e1s longevo del pa\u00eds. Y, como no pod\u00eda ser de otra manera, el viernes 4 de abril, entre los m\u00e1s de\u00a0\u00a011.000 [&hellip;]<\/p>\n","protected":false},"author":35,"featured_media":0,"comment_status":"closed","ping_status":"closed","sticky":false,"template":"","format":"standard","meta":{"footnotes":""},"categories":[1],"tags":[8,6,13,12,14],"class_list":["post-70","post","type-post","status-publish","format-standard","hentry","category-sin-categoria","tag-colegio-diocesano","tag-concurso","tag-creacion-literaria","tag-eso","tag-premio"],"_links":{"self":[{"href":"https:\/\/diocesanos.es\/blogs\/leotic\/wp-json\/wp\/v2\/posts\/70","targetHints":{"allow":["GET"]}}],"collection":[{"href":"https:\/\/diocesanos.es\/blogs\/leotic\/wp-json\/wp\/v2\/posts"}],"about":[{"href":"https:\/\/diocesanos.es\/blogs\/leotic\/wp-json\/wp\/v2\/types\/post"}],"author":[{"embeddable":true,"href":"https:\/\/diocesanos.es\/blogs\/leotic\/wp-json\/wp\/v2\/users\/35"}],"replies":[{"embeddable":true,"href":"https:\/\/diocesanos.es\/blogs\/leotic\/wp-json\/wp\/v2\/comments?post=70"}],"version-history":[{"count":0,"href":"https:\/\/diocesanos.es\/blogs\/leotic\/wp-json\/wp\/v2\/posts\/70\/revisions"}],"wp:attachment":[{"href":"https:\/\/diocesanos.es\/blogs\/leotic\/wp-json\/wp\/v2\/media?parent=70"}],"wp:term":[{"taxonomy":"category","embeddable":true,"href":"https:\/\/diocesanos.es\/blogs\/leotic\/wp-json\/wp\/v2\/categories?post=70"},{"taxonomy":"post_tag","embeddable":true,"href":"https:\/\/diocesanos.es\/blogs\/leotic\/wp-json\/wp\/v2\/tags?post=70"}],"curies":[{"name":"wp","href":"https:\/\/api.w.org\/{rel}","templated":true}]}}