{"id":57,"date":"2015-01-08T12:05:01","date_gmt":"2015-01-08T11:05:01","guid":{"rendered":"https:\/\/diocesanos.es\/blogs\/leotic\/?p=57"},"modified":"2015-02-12T12:06:38","modified_gmt":"2015-02-12T11:06:38","slug":"gana-la-creatividad","status":"publish","type":"post","link":"https:\/\/diocesanos.es\/blogs\/leotic\/2015\/01\/08\/gana-la-creatividad\/","title":{"rendered":"Gana la creatividad"},"content":{"rendered":"<p>Leyre Portero Hern\u00e1ndez\u00a0es una\u00a0alumna de 1\u00ba de ESO de nuestro Colegio; concretamente de 1\u00ba D.<\/p>\n<p>Hasta ah\u00ed nada especial; hay muchos alumnos en esa clase.<\/p>\n<p>Pero Leyre merece una entrada en este espacio porque ha sido la ganadora del <strong>Primer Premio del Concurso de Cuentos o Relatos para ni\u00f1os sobre Santa Teresa<\/strong>. Esta\u00a0actividad ha sido convocada por el <a title=\"Ayuntamiento de \u00c1vila\" href=\"http:\/\/www.avila.es\/\" target=\"_blank\">Excelent\u00edsimo Ayuntamiento de \u00c1vila<\/a>, con motivo de la celebraci\u00f3n del V Centenario.<\/p>\n<p>Recibir\u00e1 esta tarde, en el sal\u00f3n de plenos, 100 euros para material escolar o l\u00fadico. El certamen pretend\u00eda incentivar la creatividad de los ni\u00f1os a trav\u00e9s de la escritura,\u00a0y Leyre ha conseguido\u00a0este galard\u00f3n<\/p>\n<p style=\"text-align: center\"><strong>\u00a1Enhorabuena Leyre!<\/strong><\/p>\n<p style=\"text-align: center\"><a href=\"https:\/\/diocesanos.es\/blogs\/leotic\/wp-content\/uploads\/sites\/17\/2015\/02\/santa.jpg\"><img loading=\"lazy\" decoding=\"async\" class=\"alignnone size-medium wp-image-58\" src=\"https:\/\/diocesanos.es\/blogs\/leotic\/wp-content\/uploads\/sites\/17\/2015\/02\/santa-300x225.jpg\" alt=\"santa\" width=\"300\" height=\"225\" srcset=\"https:\/\/diocesanos.es\/blogs\/leotic\/wp-content\/uploads\/sites\/17\/2015\/02\/santa-300x225.jpg 300w, https:\/\/diocesanos.es\/blogs\/leotic\/wp-content\/uploads\/sites\/17\/2015\/02\/santa-307x230.jpg 307w, https:\/\/diocesanos.es\/blogs\/leotic\/wp-content\/uploads\/sites\/17\/2015\/02\/santa.jpg 960w\" sizes=\"auto, (max-width: 300px) 100vw, 300px\" \/><\/a><\/p>\n","protected":false},"excerpt":{"rendered":"<p>Leyre Portero Hern\u00e1ndez\u00a0es una\u00a0alumna de 1\u00ba de ESO de nuestro Colegio; concretamente de 1\u00ba D. Hasta ah\u00ed nada especial; hay muchos alumnos en esa clase. Pero Leyre merece una entrada en este espacio porque ha sido la ganadora del Primer Premio del Concurso de Cuentos o Relatos para ni\u00f1os sobre Santa Teresa. Esta\u00a0actividad ha sido [&hellip;]<\/p>\n","protected":false},"author":35,"featured_media":0,"comment_status":"closed","ping_status":"closed","sticky":false,"template":"","format":"standard","meta":{"footnotes":""},"categories":[1],"tags":[4,3,2],"class_list":["post-57","post","type-post","status-publish","format-standard","hentry","category-sin-categoria","tag-creatividad","tag-escritura","tag-secundaria"],"_links":{"self":[{"href":"https:\/\/diocesanos.es\/blogs\/leotic\/wp-json\/wp\/v2\/posts\/57","targetHints":{"allow":["GET"]}}],"collection":[{"href":"https:\/\/diocesanos.es\/blogs\/leotic\/wp-json\/wp\/v2\/posts"}],"about":[{"href":"https:\/\/diocesanos.es\/blogs\/leotic\/wp-json\/wp\/v2\/types\/post"}],"author":[{"embeddable":true,"href":"https:\/\/diocesanos.es\/blogs\/leotic\/wp-json\/wp\/v2\/users\/35"}],"replies":[{"embeddable":true,"href":"https:\/\/diocesanos.es\/blogs\/leotic\/wp-json\/wp\/v2\/comments?post=57"}],"version-history":[{"count":0,"href":"https:\/\/diocesanos.es\/blogs\/leotic\/wp-json\/wp\/v2\/posts\/57\/revisions"}],"wp:attachment":[{"href":"https:\/\/diocesanos.es\/blogs\/leotic\/wp-json\/wp\/v2\/media?parent=57"}],"wp:term":[{"taxonomy":"category","embeddable":true,"href":"https:\/\/diocesanos.es\/blogs\/leotic\/wp-json\/wp\/v2\/categories?post=57"},{"taxonomy":"post_tag","embeddable":true,"href":"https:\/\/diocesanos.es\/blogs\/leotic\/wp-json\/wp\/v2\/tags?post=57"}],"curies":[{"name":"wp","href":"https:\/\/api.w.org\/{rel}","templated":true}]}}