{"id":378,"date":"2015-03-11T10:48:26","date_gmt":"2015-03-11T09:48:26","guid":{"rendered":"https:\/\/diocesanos.es\/blogs\/leotic\/?p=378"},"modified":"2015-03-11T10:48:26","modified_gmt":"2015-03-11T09:48:26","slug":"la-oreja-verde","status":"publish","type":"post","link":"https:\/\/diocesanos.es\/blogs\/leotic\/2015\/03\/11\/la-oreja-verde\/","title":{"rendered":"La oreja verde"},"content":{"rendered":"<p style=\"text-align: justify\"><img loading=\"lazy\" decoding=\"async\" class=\"irc_mut aligncenter\" src=\"https:\/\/encrypted-tbn0.gstatic.com\/images?q=tbn:ANd9GcTZF21FmGMlj0e-LqL0eEFn_cx1Yzpk63_9FO7JhPvkVqWXRxgy\" alt=\"\" width=\"511\" height=\"110\" \/><\/p>\n<p style=\"text-align: justify\">\u00bfTe gustar\u00eda tener una \u00aboreja verde\u00bb para escuchar cosas que, tal vez por tu edad, has dejado hace teimpo de escuchar?<\/p>\n<p style=\"text-align: justify\"><a href=\"http:\/\/www.leeresunbuenplan.es\/?s=rodari\">Gianni Rodari <\/a>nos recuerda, a trav\u00e9s de este poema, lo importante que ser\u00eda poder mantener siempre una oreja verde.<\/p>\n<p>Un d\u00eda, en el Expreso Soria Monteverde,<br \/>\nVi subir a un hombre con una oreja verde.<br \/>\nYa joven no era, sino maduro parec\u00eda,<br \/>\nSalvo, la oreja que verde segu\u00eda.<br \/>\nMe cambi\u00e9 de sitio para estar a su lado<br \/>\ny observar el fen\u00f3meno bien mirado.<br \/>\nLe dije: Se\u00f1or, Usted, tiene ya cierta edad,<br \/>\nD\u00edgame, esa oreja verde, \u00bfle es de alguna utilidad?<br \/>\nMe contest\u00f3 amablemente: yo ya soy persona vieja,<br \/>\nPues de joven s\u00f3lo tengo esta oreja.<br \/>\nEs una oreja de ni\u00f1o, que me sirve para o\u00edr<br \/>\ncosas que los adultos nunca se paran a sentir:<br \/>\nOigo lo que los \u00e1rboles dicen, los p\u00e1jaros que cantan,<br \/>\nlas piedras, los r\u00edos y las nubes que pasan,<br \/>\noigo tambi\u00e9n a los ni\u00f1os, cuando cuentan cosas<br \/>\nque a una oreja madura, parecer\u00edan misteriosas.<\/p>\n<p>As\u00ed habl\u00f3 el Se\u00f1or de la oreja verde<br \/>\nAquel d\u00eda, en el Expreso Soria Monteverde<\/p>\n","protected":false},"excerpt":{"rendered":"<p>\u00bfTe gustar\u00eda tener una \u00aboreja verde\u00bb para escuchar cosas que, tal vez por tu edad, has dejado hace teimpo de escuchar? Gianni Rodari nos recuerda, a trav\u00e9s de este poema, lo importante que ser\u00eda poder mantener siempre una oreja verde. Un d\u00eda, en el Expreso Soria Monteverde, Vi subir a un hombre con una oreja [&hellip;]<\/p>\n","protected":false},"author":35,"featured_media":0,"comment_status":"closed","ping_status":"closed","sticky":false,"template":"","format":"standard","meta":{"footnotes":""},"categories":[1],"tags":[8,13,4,20,33],"class_list":["post-378","post","type-post","status-publish","format-standard","hentry","category-sin-categoria","tag-colegio-diocesano","tag-creacion-literaria","tag-creatividad","tag-fomento-lectura","tag-poemas"],"_links":{"self":[{"href":"https:\/\/diocesanos.es\/blogs\/leotic\/wp-json\/wp\/v2\/posts\/378","targetHints":{"allow":["GET"]}}],"collection":[{"href":"https:\/\/diocesanos.es\/blogs\/leotic\/wp-json\/wp\/v2\/posts"}],"about":[{"href":"https:\/\/diocesanos.es\/blogs\/leotic\/wp-json\/wp\/v2\/types\/post"}],"author":[{"embeddable":true,"href":"https:\/\/diocesanos.es\/blogs\/leotic\/wp-json\/wp\/v2\/users\/35"}],"replies":[{"embeddable":true,"href":"https:\/\/diocesanos.es\/blogs\/leotic\/wp-json\/wp\/v2\/comments?post=378"}],"version-history":[{"count":0,"href":"https:\/\/diocesanos.es\/blogs\/leotic\/wp-json\/wp\/v2\/posts\/378\/revisions"}],"wp:attachment":[{"href":"https:\/\/diocesanos.es\/blogs\/leotic\/wp-json\/wp\/v2\/media?parent=378"}],"wp:term":[{"taxonomy":"category","embeddable":true,"href":"https:\/\/diocesanos.es\/blogs\/leotic\/wp-json\/wp\/v2\/categories?post=378"},{"taxonomy":"post_tag","embeddable":true,"href":"https:\/\/diocesanos.es\/blogs\/leotic\/wp-json\/wp\/v2\/tags?post=378"}],"curies":[{"name":"wp","href":"https:\/\/api.w.org\/{rel}","templated":true}]}}