{"id":374,"date":"2015-03-06T14:24:44","date_gmt":"2015-03-06T13:24:44","guid":{"rendered":"https:\/\/diocesanos.es\/blogs\/leotic\/?p=374"},"modified":"2015-03-06T14:24:44","modified_gmt":"2015-03-06T13:24:44","slug":"donde-como-y-quienes-leen","status":"publish","type":"post","link":"https:\/\/diocesanos.es\/blogs\/leotic\/2015\/03\/06\/donde-como-y-quienes-leen\/","title":{"rendered":"D\u00f3nde, c\u00f3mo y quienes leen"},"content":{"rendered":"<p><img loading=\"lazy\" decoding=\"async\" id=\"irc_mi\" class=\" aligncenter\" src=\"http:\/\/www.excentricaonline.com\/libros\/images\/uploads\/lecturamexico.jpg\" alt=\"\" width=\"259\" height=\"172\" \/><\/p>\n<p>&nbsp;<\/p>\n<p style=\"text-align: justify\">\u00bfTambi\u00e9n tu tienes un libro en tu mesilla con el que alimentas tus sue\u00f1os cada noche?<\/p>\n<p style=\"text-align: justify\">Muchos de nosotros leemos en la cama, pero hasta ahora no nos hab\u00edamos planteado si lo hac\u00edamos m\u00e1s los ciudadanos del Centro de Espa\u00f1a que los del Sur, o los de Cantabria m\u00e1s que los de Arag\u00f3n.<\/p>\n<p style=\"text-align: justify\">El \u00faltimo bar\u00f3metro del <a href=\"http:\/\/www.cis.es\/cis\/opencm\/ES\/1_encuestas\/estudios\/ver.jsp?estudio=14138\">Centro de Investigaciones Sociol\u00f3gicas<\/a>, CIS, revela datos estad\u00edsticos de la lectura en nuestro pa\u00eds.<\/p>\n<p style=\"text-align: justify\">Es muy interesante que puedas consultar las tablas, gr\u00e1ficos y tendencias. Tal vez veas reflejado en ellos tu afici\u00f3n lectora.<\/p>\n<p style=\"text-align: justify\">Puedes consultar todo este estudio a trav\u00e9s de este <a href=\"http:\/\/www.huffingtonpost.es\/2015\/03\/02\/habitos-lectura-espanoles-comunidades_n_6783654.html?utm_hp_ref=spain&amp;ncid=tweetlnkushpmg00000067http:\/\/\">ENLACE<\/a><\/p>\n","protected":false},"excerpt":{"rendered":"<p>&nbsp; \u00bfTambi\u00e9n tu tienes un libro en tu mesilla con el que alimentas tus sue\u00f1os cada noche? Muchos de nosotros leemos en la cama, pero hasta ahora no nos hab\u00edamos planteado si lo hac\u00edamos m\u00e1s los ciudadanos del Centro de Espa\u00f1a que los del Sur, o los de Cantabria m\u00e1s que los de Arag\u00f3n. El [&hellip;]<\/p>\n","protected":false},"author":35,"featured_media":0,"comment_status":"closed","ping_status":"closed","sticky":false,"template":"","format":"standard","meta":{"footnotes":""},"categories":[1],"tags":[8,20,26,22,28],"class_list":["post-374","post","type-post","status-publish","format-standard","hentry","category-sin-categoria","tag-colegio-diocesano","tag-fomento-lectura","tag-leer","tag-literatura","tag-tendencias-lectoras"],"_links":{"self":[{"href":"https:\/\/diocesanos.es\/blogs\/leotic\/wp-json\/wp\/v2\/posts\/374","targetHints":{"allow":["GET"]}}],"collection":[{"href":"https:\/\/diocesanos.es\/blogs\/leotic\/wp-json\/wp\/v2\/posts"}],"about":[{"href":"https:\/\/diocesanos.es\/blogs\/leotic\/wp-json\/wp\/v2\/types\/post"}],"author":[{"embeddable":true,"href":"https:\/\/diocesanos.es\/blogs\/leotic\/wp-json\/wp\/v2\/users\/35"}],"replies":[{"embeddable":true,"href":"https:\/\/diocesanos.es\/blogs\/leotic\/wp-json\/wp\/v2\/comments?post=374"}],"version-history":[{"count":0,"href":"https:\/\/diocesanos.es\/blogs\/leotic\/wp-json\/wp\/v2\/posts\/374\/revisions"}],"wp:attachment":[{"href":"https:\/\/diocesanos.es\/blogs\/leotic\/wp-json\/wp\/v2\/media?parent=374"}],"wp:term":[{"taxonomy":"category","embeddable":true,"href":"https:\/\/diocesanos.es\/blogs\/leotic\/wp-json\/wp\/v2\/categories?post=374"},{"taxonomy":"post_tag","embeddable":true,"href":"https:\/\/diocesanos.es\/blogs\/leotic\/wp-json\/wp\/v2\/tags?post=374"}],"curies":[{"name":"wp","href":"https:\/\/api.w.org\/{rel}","templated":true}]}}