{"id":369,"date":"2015-03-04T11:14:21","date_gmt":"2015-03-04T10:14:21","guid":{"rendered":"https:\/\/diocesanos.es\/blogs\/leotic\/?p=369"},"modified":"2015-03-04T11:14:21","modified_gmt":"2015-03-04T10:14:21","slug":"un-buen-menu-de-lectura","status":"publish","type":"post","link":"https:\/\/diocesanos.es\/blogs\/leotic\/2015\/03\/04\/un-buen-menu-de-lectura\/","title":{"rendered":"Un buen men\u00fa de lectura"},"content":{"rendered":"<p><img loading=\"lazy\" decoding=\"async\" id=\"irc_mi\" class=\" aligncenter\" src=\"http:\/\/4.bp.blogspot.com\/-L1B6rHfrDSc\/T2snbMRbqgI\/AAAAAAAACik\/zzcgTHLtDjY\/s1600\/la+foto%282%29.JPG\" alt=\"\" width=\"445\" height=\"300\" \/><\/p>\n<p>Hay mucho que leer, pero no todo se adapta a nuestros gustos.<\/p>\n<p>Del mismo modo que ocurre con los men\u00fas en los restaurantes, lo importante es que tengamos una amplia carta, de gran calidad, y que se adapte a nuestros gustos.<\/p>\n<p>Eso es lo que ha hecho este mes la Revista Leer; nos ofrece en sus Entremeses una oferta literaria en la que , sin lugar a dudas, habr\u00e1 un libro que se adapte a nuestros gustos lectores.<\/p>\n<p>Consulta la <a href=\"http:\/\/revistaleer.com\/2015\/02\/leersinprisa-pero-sin-pausa\/\">CARTA.<\/a> Cada obra viene acompa\u00f1ada de una breve rese\u00f1a para que tengas m\u00e1s criterios en tu elecci\u00f3n.<\/p>\n","protected":false},"excerpt":{"rendered":"<p>Hay mucho que leer, pero no todo se adapta a nuestros gustos. Del mismo modo que ocurre con los men\u00fas en los restaurantes, lo importante es que tengamos una amplia carta, de gran calidad, y que se adapte a nuestros gustos. Eso es lo que ha hecho este mes la Revista Leer; nos ofrece en [&hellip;]<\/p>\n","protected":false},"author":35,"featured_media":0,"comment_status":"closed","ping_status":"closed","sticky":false,"template":"","format":"standard","meta":{"footnotes":""},"categories":[1],"tags":[8,20,26,22],"class_list":["post-369","post","type-post","status-publish","format-standard","hentry","category-sin-categoria","tag-colegio-diocesano","tag-fomento-lectura","tag-leer","tag-literatura"],"_links":{"self":[{"href":"https:\/\/diocesanos.es\/blogs\/leotic\/wp-json\/wp\/v2\/posts\/369","targetHints":{"allow":["GET"]}}],"collection":[{"href":"https:\/\/diocesanos.es\/blogs\/leotic\/wp-json\/wp\/v2\/posts"}],"about":[{"href":"https:\/\/diocesanos.es\/blogs\/leotic\/wp-json\/wp\/v2\/types\/post"}],"author":[{"embeddable":true,"href":"https:\/\/diocesanos.es\/blogs\/leotic\/wp-json\/wp\/v2\/users\/35"}],"replies":[{"embeddable":true,"href":"https:\/\/diocesanos.es\/blogs\/leotic\/wp-json\/wp\/v2\/comments?post=369"}],"version-history":[{"count":0,"href":"https:\/\/diocesanos.es\/blogs\/leotic\/wp-json\/wp\/v2\/posts\/369\/revisions"}],"wp:attachment":[{"href":"https:\/\/diocesanos.es\/blogs\/leotic\/wp-json\/wp\/v2\/media?parent=369"}],"wp:term":[{"taxonomy":"category","embeddable":true,"href":"https:\/\/diocesanos.es\/blogs\/leotic\/wp-json\/wp\/v2\/categories?post=369"},{"taxonomy":"post_tag","embeddable":true,"href":"https:\/\/diocesanos.es\/blogs\/leotic\/wp-json\/wp\/v2\/tags?post=369"}],"curies":[{"name":"wp","href":"https:\/\/api.w.org\/{rel}","templated":true}]}}