{"id":280,"date":"2015-02-25T13:00:34","date_gmt":"2015-02-25T12:00:34","guid":{"rendered":"https:\/\/diocesanos.es\/blogs\/leotic\/?p=280"},"modified":"2015-02-25T13:01:25","modified_gmt":"2015-02-25T12:01:25","slug":"carta-a-un-militar-espanol-premio-a-una-alumna-diocesana","status":"publish","type":"post","link":"https:\/\/diocesanos.es\/blogs\/leotic\/2015\/02\/25\/carta-a-un-militar-espanol-premio-a-una-alumna-diocesana\/","title":{"rendered":"Carta a un Militar Espa\u00f1ol. Premio a una alumna Diocesana"},"content":{"rendered":"<p style=\"text-align: justify\"><a href=\"https:\/\/diocesanos.es\/blogs\/leotic\/wp-content\/uploads\/sites\/17\/2015\/02\/DSC_0220.jpg\"><img loading=\"lazy\" decoding=\"async\" class=\"size-medium wp-image-281 aligncenter\" src=\"https:\/\/diocesanos.es\/blogs\/leotic\/wp-content\/uploads\/sites\/17\/2015\/02\/DSC_0220-300x201.jpg\" alt=\"DSC_0220\" width=\"300\" height=\"201\" srcset=\"https:\/\/diocesanos.es\/blogs\/leotic\/wp-content\/uploads\/sites\/17\/2015\/02\/DSC_0220-300x201.jpg 300w, https:\/\/diocesanos.es\/blogs\/leotic\/wp-content\/uploads\/sites\/17\/2015\/02\/DSC_0220-1024x687.jpg 1024w, https:\/\/diocesanos.es\/blogs\/leotic\/wp-content\/uploads\/sites\/17\/2015\/02\/DSC_0220-343x230.jpg 343w\" sizes=\"auto, (max-width: 300px) 100vw, 300px\" \/><\/a><br \/>\nCarta a\u00a0un Militar Espa\u00f1ol es un <strong>Concurso de redacci\u00f3n<\/strong> convocado por el<a href=\"http:\/\/www.defensa.gob.es\/info\/eventos\/carta-a-un-militar-2014.html\"> Ministerio de Defensa<\/a>. A trav\u00e9s de \u00e9l los alumnos de Bachillerato de todo el territorio nacional han mostrado la opini\u00f3n de las misiones internacionales y nacionales de las Fuerzas Armadas Espa\u00f1olas.<\/p>\n<p style=\"text-align: justify\">Como no pod\u00eda ser de otra manera, los alumnos del Colegio Diocesano Nuestra Se\u00f1ora de la Asunci\u00f3n participaron en este concurso, y, como no pod\u00eda ser de otra manera, Vega, una alumna de 1.\u00ba A de Bachillerato, se ha alzado con el Primer Premio a nivel Provincial.<\/p>\n<p style=\"text-align: justify\">El Departamento de Lengua y Literatura fue el encargado de seleccionar los trabajos presentados en este concurso.<\/p>\n<p style=\"text-align: justify\">Enhorabuena a todos por el \u00e9xito alcanzado.<\/p>\n<p>&nbsp;<\/p>\n<p><a href=\"https:\/\/diocesanos.es\/blogs\/leotic\/wp-content\/uploads\/sites\/17\/2015\/02\/DSC_0236.jpg\"><img loading=\"lazy\" decoding=\"async\" class=\"alignnone size-medium wp-image-287\" src=\"https:\/\/diocesanos.es\/blogs\/leotic\/wp-content\/uploads\/sites\/17\/2015\/02\/DSC_0236-300x201.jpg\" alt=\"DSC_0236\" width=\"300\" height=\"201\" srcset=\"https:\/\/diocesanos.es\/blogs\/leotic\/wp-content\/uploads\/sites\/17\/2015\/02\/DSC_0236-300x201.jpg 300w, https:\/\/diocesanos.es\/blogs\/leotic\/wp-content\/uploads\/sites\/17\/2015\/02\/DSC_0236-1024x687.jpg 1024w, https:\/\/diocesanos.es\/blogs\/leotic\/wp-content\/uploads\/sites\/17\/2015\/02\/DSC_0236-343x230.jpg 343w\" sizes=\"auto, (max-width: 300px) 100vw, 300px\" \/><\/a> <a href=\"https:\/\/diocesanos.es\/blogs\/leotic\/wp-content\/uploads\/sites\/17\/2015\/02\/DSC_0224.jpg\"><img loading=\"lazy\" decoding=\"async\" class=\"alignnone size-medium wp-image-285\" src=\"https:\/\/diocesanos.es\/blogs\/leotic\/wp-content\/uploads\/sites\/17\/2015\/02\/DSC_0224-300x201.jpg\" alt=\"DSC_0224\" width=\"300\" height=\"201\" srcset=\"https:\/\/diocesanos.es\/blogs\/leotic\/wp-content\/uploads\/sites\/17\/2015\/02\/DSC_0224-300x201.jpg 300w, https:\/\/diocesanos.es\/blogs\/leotic\/wp-content\/uploads\/sites\/17\/2015\/02\/DSC_0224-1024x687.jpg 1024w, https:\/\/diocesanos.es\/blogs\/leotic\/wp-content\/uploads\/sites\/17\/2015\/02\/DSC_0224-343x230.jpg 343w\" sizes=\"auto, (max-width: 300px) 100vw, 300px\" \/><\/a> <a href=\"https:\/\/diocesanos.es\/blogs\/leotic\/wp-content\/uploads\/sites\/17\/2015\/02\/DSC_0208.jpg\"><img loading=\"lazy\" decoding=\"async\" class=\"alignnone size-medium wp-image-283\" src=\"https:\/\/diocesanos.es\/blogs\/leotic\/wp-content\/uploads\/sites\/17\/2015\/02\/DSC_0208-300x201.jpg\" alt=\"DSC_0208\" width=\"300\" height=\"201\" srcset=\"https:\/\/diocesanos.es\/blogs\/leotic\/wp-content\/uploads\/sites\/17\/2015\/02\/DSC_0208-300x201.jpg 300w, https:\/\/diocesanos.es\/blogs\/leotic\/wp-content\/uploads\/sites\/17\/2015\/02\/DSC_0208-1024x687.jpg 1024w, https:\/\/diocesanos.es\/blogs\/leotic\/wp-content\/uploads\/sites\/17\/2015\/02\/DSC_0208-343x230.jpg 343w\" sizes=\"auto, (max-width: 300px) 100vw, 300px\" \/><\/a> <a href=\"https:\/\/diocesanos.es\/blogs\/leotic\/wp-content\/uploads\/sites\/17\/2015\/02\/DSC_0207.jpg\"><img loading=\"lazy\" decoding=\"async\" class=\"alignnone size-medium wp-image-282\" src=\"https:\/\/diocesanos.es\/blogs\/leotic\/wp-content\/uploads\/sites\/17\/2015\/02\/DSC_0207-300x201.jpg\" alt=\"DSC_0207\" width=\"300\" height=\"201\" srcset=\"https:\/\/diocesanos.es\/blogs\/leotic\/wp-content\/uploads\/sites\/17\/2015\/02\/DSC_0207-300x201.jpg 300w, https:\/\/diocesanos.es\/blogs\/leotic\/wp-content\/uploads\/sites\/17\/2015\/02\/DSC_0207-1024x687.jpg 1024w, https:\/\/diocesanos.es\/blogs\/leotic\/wp-content\/uploads\/sites\/17\/2015\/02\/DSC_0207-343x230.jpg 343w\" sizes=\"auto, (max-width: 300px) 100vw, 300px\" \/><\/a><\/p>\n","protected":false},"excerpt":{"rendered":"<p>Carta a\u00a0un Militar Espa\u00f1ol es un Concurso de redacci\u00f3n convocado por el Ministerio de Defensa. A trav\u00e9s de \u00e9l los alumnos de Bachillerato de todo el territorio nacional han mostrado la opini\u00f3n de las misiones internacionales y nacionales de las Fuerzas Armadas Espa\u00f1olas. Como no pod\u00eda ser de otra manera, los alumnos del Colegio Diocesano [&hellip;]<\/p>\n","protected":false},"author":35,"featured_media":0,"comment_status":"closed","ping_status":"closed","sticky":false,"template":"","format":"standard","meta":{"footnotes":""},"categories":[1],"tags":[5,8,6,13,4,22],"class_list":["post-280","post","type-post","status-publish","format-standard","hentry","category-sin-categoria","tag-bachillerato","tag-colegio-diocesano","tag-concurso","tag-creacion-literaria","tag-creatividad","tag-literatura"],"_links":{"self":[{"href":"https:\/\/diocesanos.es\/blogs\/leotic\/wp-json\/wp\/v2\/posts\/280","targetHints":{"allow":["GET"]}}],"collection":[{"href":"https:\/\/diocesanos.es\/blogs\/leotic\/wp-json\/wp\/v2\/posts"}],"about":[{"href":"https:\/\/diocesanos.es\/blogs\/leotic\/wp-json\/wp\/v2\/types\/post"}],"author":[{"embeddable":true,"href":"https:\/\/diocesanos.es\/blogs\/leotic\/wp-json\/wp\/v2\/users\/35"}],"replies":[{"embeddable":true,"href":"https:\/\/diocesanos.es\/blogs\/leotic\/wp-json\/wp\/v2\/comments?post=280"}],"version-history":[{"count":0,"href":"https:\/\/diocesanos.es\/blogs\/leotic\/wp-json\/wp\/v2\/posts\/280\/revisions"}],"wp:attachment":[{"href":"https:\/\/diocesanos.es\/blogs\/leotic\/wp-json\/wp\/v2\/media?parent=280"}],"wp:term":[{"taxonomy":"category","embeddable":true,"href":"https:\/\/diocesanos.es\/blogs\/leotic\/wp-json\/wp\/v2\/categories?post=280"},{"taxonomy":"post_tag","embeddable":true,"href":"https:\/\/diocesanos.es\/blogs\/leotic\/wp-json\/wp\/v2\/tags?post=280"}],"curies":[{"name":"wp","href":"https:\/\/api.w.org\/{rel}","templated":true}]}}