{"id":2629,"date":"2022-10-17T21:56:11","date_gmt":"2022-10-17T19:56:11","guid":{"rendered":"https:\/\/diocesanos.es\/blogs\/leotic\/?p=2629"},"modified":"2022-11-21T22:39:08","modified_gmt":"2022-11-21T21:39:08","slug":"creaciones-que-analizan-textos-periodisticos-%f0%9f%93%b0","status":"publish","type":"post","link":"https:\/\/diocesanos.es\/blogs\/leotic\/2022\/10\/17\/creaciones-que-analizan-textos-periodisticos-%f0%9f%93%b0\/","title":{"rendered":"Creaciones que analizan textos period\u00edsticos &#x1f4f0;"},"content":{"rendered":"\n<p><strong>Seguimos ense\u00f1ando las creaciones de nuestros alumnos de 2\u00baESO en relaci\u00f3n con el an\u00e1lisis de los textos period\u00edsticos que trabajan en el aula. En este caso, os mostramos un ejemplo:\u00a0<\/strong><\/p>\n\n\n\n<div class=\"wp-block-media-text alignwide has-media-on-the-right is-stacked-on-mobile is-vertically-aligned-top\" style=\"grid-template-columns:auto 36%\"><div class=\"wp-block-media-text__content\">\n<p><img loading=\"lazy\" decoding=\"async\" class=\"alignright\" src=\"https:\/\/i.pinimg.com\/originals\/29\/d3\/ae\/29d3ae03293f54659c15f9aa4d87c26c.gif\" alt=\"Colorful Rainbow Arrow. Instagram Stories GIF Sticker created by Tom  Windeknecht via GIPHY. #rainbow #arrow #gif #g\u2026 | Rainbow gif, Instagram  emoji, Kids background\" width=\"141\" height=\"141\"><\/p>\n\n\n\n<p>&#x1f4cd; <strong>Sandra y Sof\u00eda <\/strong>nos analizan la tr\u00e1gica noticia de un ahogamiento en Torrevieja <\/p>\n\n\n\n<p><\/p>\n\n\n\n<p><\/p>\n<\/div><figure class=\"wp-block-media-text__media\"><img loading=\"lazy\" decoding=\"async\" width=\"401\" height=\"1024\" src=\"https:\/\/diocesanos.es\/blogs\/leotic\/wp-content\/uploads\/sites\/17\/2022\/10\/IMG_8682-2-401x1024.jpeg\" alt=\"\" class=\"wp-image-2639 size-full\" srcset=\"https:\/\/diocesanos.es\/blogs\/leotic\/wp-content\/uploads\/sites\/17\/2022\/10\/IMG_8682-2-401x1024.jpeg 401w, https:\/\/diocesanos.es\/blogs\/leotic\/wp-content\/uploads\/sites\/17\/2022\/10\/IMG_8682-2-118x300.jpeg 118w, https:\/\/diocesanos.es\/blogs\/leotic\/wp-content\/uploads\/sites\/17\/2022\/10\/IMG_8682-2-602x1536.jpeg 602w, https:\/\/diocesanos.es\/blogs\/leotic\/wp-content\/uploads\/sites\/17\/2022\/10\/IMG_8682-2-610x1556.jpeg 610w, https:\/\/diocesanos.es\/blogs\/leotic\/wp-content\/uploads\/sites\/17\/2022\/10\/IMG_8682-2-90x230.jpeg 90w, https:\/\/diocesanos.es\/blogs\/leotic\/wp-content\/uploads\/sites\/17\/2022\/10\/IMG_8682-2.jpeg 657w\" sizes=\"auto, (max-width: 401px) 100vw, 401px\" \/><\/figure><\/div>\n\n\n\n<div class=\"wp-block-columns are-vertically-aligned-center is-layout-flex wp-container-core-columns-is-layout-9d6595d7 wp-block-columns-is-layout-flex\">\n<div class=\"wp-block-column is-layout-flow wp-block-column-is-layout-flow\"><\/div>\n<\/div>\n","protected":false},"excerpt":{"rendered":"<p>Seguimos ense\u00f1ando las creaciones de nuestros alumnos de 2\u00baESO en relaci\u00f3n con el an\u00e1lisis de los textos period\u00edsticos que trabajan en el aula. En este caso, os mostramos un ejemplo:\u00a0<\/p>\n","protected":false},"author":6,"featured_media":0,"comment_status":"closed","ping_status":"closed","sticky":false,"template":"","format":"standard","meta":{"footnotes":""},"categories":[57],"tags":[],"class_list":["post-2629","post","type-post","status-publish","format-standard","hentry","category-textos-periodisticos"],"_links":{"self":[{"href":"https:\/\/diocesanos.es\/blogs\/leotic\/wp-json\/wp\/v2\/posts\/2629","targetHints":{"allow":["GET"]}}],"collection":[{"href":"https:\/\/diocesanos.es\/blogs\/leotic\/wp-json\/wp\/v2\/posts"}],"about":[{"href":"https:\/\/diocesanos.es\/blogs\/leotic\/wp-json\/wp\/v2\/types\/post"}],"author":[{"embeddable":true,"href":"https:\/\/diocesanos.es\/blogs\/leotic\/wp-json\/wp\/v2\/users\/6"}],"replies":[{"embeddable":true,"href":"https:\/\/diocesanos.es\/blogs\/leotic\/wp-json\/wp\/v2\/comments?post=2629"}],"version-history":[{"count":14,"href":"https:\/\/diocesanos.es\/blogs\/leotic\/wp-json\/wp\/v2\/posts\/2629\/revisions"}],"predecessor-version":[{"id":2635,"href":"https:\/\/diocesanos.es\/blogs\/leotic\/wp-json\/wp\/v2\/posts\/2629\/revisions\/2635"}],"wp:attachment":[{"href":"https:\/\/diocesanos.es\/blogs\/leotic\/wp-json\/wp\/v2\/media?parent=2629"}],"wp:term":[{"taxonomy":"category","embeddable":true,"href":"https:\/\/diocesanos.es\/blogs\/leotic\/wp-json\/wp\/v2\/categories?post=2629"},{"taxonomy":"post_tag","embeddable":true,"href":"https:\/\/diocesanos.es\/blogs\/leotic\/wp-json\/wp\/v2\/tags?post=2629"}],"curies":[{"name":"wp","href":"https:\/\/api.w.org\/{rel}","templated":true}]}}