{"id":2577,"date":"2022-09-28T09:50:45","date_gmt":"2022-09-28T07:50:45","guid":{"rendered":"https:\/\/diocesanos.es\/blogs\/leotic\/?p=2577"},"modified":"2022-09-28T09:50:45","modified_gmt":"2022-09-28T07:50:45","slug":"relatos-sobre-la-batalla-de-las-termopilas-%f0%9f%94%a5","status":"publish","type":"post","link":"https:\/\/diocesanos.es\/blogs\/leotic\/2022\/09\/28\/relatos-sobre-la-batalla-de-las-termopilas-%f0%9f%94%a5\/","title":{"rendered":"Relatos sobre la batalla de las Term\u00f3pilas &#x1f525;"},"content":{"rendered":"\n<h3 class=\"wp-block-heading\">Los alumnos de 1\u00ba ESO trabajar\u00e1n en la asignatura de Historia creando relatos sobre c\u00f3mo vivieron la batalla de los Espartanos &#x1f3db;<\/h3>\n\n\n\n<p>Buenos d\u00edas, los alumnos de 1\u00ba ESO preparar\u00e1n documentos period\u00edsticos narrando en primera persona la experiencia contra los Persas. A continuaci\u00f3n, el enunciado.\u00a0<\/p>\n<p><a href=\"https:\/\/view.genial.ly\/5ec375218e243b0d5a33ce5a\/horizontal-infographic-lists-relato-sobre-la-batalla-de-las-termopilas\"><img loading=\"lazy\" decoding=\"async\" class=\"aligncenter\" src=\"https:\/\/images.genial.ly\/5d7804a41b6df60fced63139\/de7c1d0f-4948-4762-951f-c48baf5d3e9d.gif?genial&amp;1664323200140\" alt=\"Genially, la herramienta online para crear contenido interactivo\" width=\"162\" height=\"162\" \/><\/a><\/p>\n","protected":false},"excerpt":{"rendered":"<p>Los alumnos de 1\u00ba ESO trabajar\u00e1n en la asignatura de Historia creando relatos sobre c\u00f3mo vivieron la batalla de los Espartanos &#x1f3db; Buenos d\u00edas, los alumnos de 1\u00ba ESO preparar\u00e1n documentos period\u00edsticos narrando en primera persona la experiencia contra los Persas. A continuaci\u00f3n, el enunciado.\u00a0<\/p>\n","protected":false},"author":6,"featured_media":0,"comment_status":"closed","ping_status":"closed","sticky":false,"template":"","format":"standard","meta":{"footnotes":""},"categories":[1],"tags":[],"class_list":["post-2577","post","type-post","status-publish","format-standard","hentry","category-sin-categoria"],"_links":{"self":[{"href":"https:\/\/diocesanos.es\/blogs\/leotic\/wp-json\/wp\/v2\/posts\/2577","targetHints":{"allow":["GET"]}}],"collection":[{"href":"https:\/\/diocesanos.es\/blogs\/leotic\/wp-json\/wp\/v2\/posts"}],"about":[{"href":"https:\/\/diocesanos.es\/blogs\/leotic\/wp-json\/wp\/v2\/types\/post"}],"author":[{"embeddable":true,"href":"https:\/\/diocesanos.es\/blogs\/leotic\/wp-json\/wp\/v2\/users\/6"}],"replies":[{"embeddable":true,"href":"https:\/\/diocesanos.es\/blogs\/leotic\/wp-json\/wp\/v2\/comments?post=2577"}],"version-history":[{"count":6,"href":"https:\/\/diocesanos.es\/blogs\/leotic\/wp-json\/wp\/v2\/posts\/2577\/revisions"}],"predecessor-version":[{"id":2589,"href":"https:\/\/diocesanos.es\/blogs\/leotic\/wp-json\/wp\/v2\/posts\/2577\/revisions\/2589"}],"wp:attachment":[{"href":"https:\/\/diocesanos.es\/blogs\/leotic\/wp-json\/wp\/v2\/media?parent=2577"}],"wp:term":[{"taxonomy":"category","embeddable":true,"href":"https:\/\/diocesanos.es\/blogs\/leotic\/wp-json\/wp\/v2\/categories?post=2577"},{"taxonomy":"post_tag","embeddable":true,"href":"https:\/\/diocesanos.es\/blogs\/leotic\/wp-json\/wp\/v2\/tags?post=2577"}],"curies":[{"name":"wp","href":"https:\/\/api.w.org\/{rel}","templated":true}]}}