{"id":246,"date":"2015-02-24T13:52:53","date_gmt":"2015-02-24T12:52:53","guid":{"rendered":"https:\/\/diocesanos.es\/blogs\/leotic\/?p=246"},"modified":"2015-02-24T13:58:03","modified_gmt":"2015-02-24T12:58:03","slug":"la-ortografia-dice-mucho-de-ti","status":"publish","type":"post","link":"https:\/\/diocesanos.es\/blogs\/leotic\/2015\/02\/24\/la-ortografia-dice-mucho-de-ti\/","title":{"rendered":"La ortograf\u00eda dice mucho de ti"},"content":{"rendered":"<p style=\"text-align: center\"><a href=\"https:\/\/diocesanos.es\/blogs\/leotic\/wp-content\/uploads\/sites\/17\/2015\/02\/ortografia.gif\"><img loading=\"lazy\" decoding=\"async\" class=\"alignnone size-full wp-image-248\" src=\"https:\/\/diocesanos.es\/blogs\/leotic\/wp-content\/uploads\/sites\/17\/2015\/02\/ortografia.gif\" alt=\"ortografia\" width=\"250\" height=\"240\" \/><\/a><\/p>\n<p style=\"text-align: justify\">Si en este\u00a0Blog llegaras a leer alguna frase\u00a0de este estilo:<\/p>\n<p style=\"text-align: justify;padding-left: 30px\">\u00abTe prexentamos un nuebo livro para ke lo leas kuando tengas un ueko en tu kasa o paxeando por la Kaye\u00bb<\/p>\n<p style=\"text-align: justify\">\u00bfQu\u00e9 pensar\u00edas de nosotros?<\/p>\n<p style=\"text-align: justify\">Sabes que un buen aspecto dice mucho de ti, pero aunque no lo creas, tus notas, tus redacciones, tus cartas o tus whatsApps dicen mucho m\u00e1s sobre qui\u00e9n eres.<\/p>\n<p style=\"text-align: justify\">Cuida mucho mucho tu ortograf\u00eda. De lo contrario te delatar\u00e1s.<\/p>\n<p style=\"text-align: justify\">Accede al <a href=\"http:\/\/www.imageneseducativas.com\/ortografia-en-imagenes\/\">Blog Im\u00e1genes Educativas<\/a>. All\u00ed encontrar\u00e1s una Infograf\u00eda bastante completa sobre algunas normas ortogr\u00e1ficas b\u00e1sicas.<\/p>\n<p style=\"text-align: justify\">Pero no olvides que la mejor receta es L<strong>eer mucho.<\/strong><\/p>\n<p style=\"text-align: center\"><a href=\"https:\/\/diocesanos.es\/blogs\/leotic\/wp-content\/uploads\/sites\/17\/2015\/02\/infografia.jpg\"><img loading=\"lazy\" decoding=\"async\" class=\"alignnone size-medium wp-image-247\" src=\"https:\/\/diocesanos.es\/blogs\/leotic\/wp-content\/uploads\/sites\/17\/2015\/02\/infografia-140x300.jpg\" alt=\"infografia\" width=\"140\" height=\"300\" srcset=\"https:\/\/diocesanos.es\/blogs\/leotic\/wp-content\/uploads\/sites\/17\/2015\/02\/infografia-140x300.jpg 140w, https:\/\/diocesanos.es\/blogs\/leotic\/wp-content\/uploads\/sites\/17\/2015\/02\/infografia-478x1024.jpg 478w, https:\/\/diocesanos.es\/blogs\/leotic\/wp-content\/uploads\/sites\/17\/2015\/02\/infografia-107x230.jpg 107w, https:\/\/diocesanos.es\/blogs\/leotic\/wp-content\/uploads\/sites\/17\/2015\/02\/infografia.jpg 736w\" sizes=\"auto, (max-width: 140px) 100vw, 140px\" \/><\/a><\/p>\n","protected":false},"excerpt":{"rendered":"<p>Si en este\u00a0Blog llegaras a leer alguna frase\u00a0de este estilo: \u00abTe prexentamos un nuebo livro para ke lo leas kuando tengas un ueko en tu kasa o paxeando por la Kaye\u00bb \u00bfQu\u00e9 pensar\u00edas de nosotros? Sabes que un buen aspecto dice mucho de ti, pero aunque no lo creas, tus notas, tus redacciones, tus cartas [&hellip;]<\/p>\n","protected":false},"author":35,"featured_media":0,"comment_status":"closed","ping_status":"closed","sticky":false,"template":"","format":"standard","meta":{"footnotes":""},"categories":[1],"tags":[8,16,20,19],"class_list":["post-246","post","type-post","status-publish","format-standard","hentry","category-sin-categoria","tag-colegio-diocesano","tag-escribir","tag-fomento-lectura","tag-ortografia"],"_links":{"self":[{"href":"https:\/\/diocesanos.es\/blogs\/leotic\/wp-json\/wp\/v2\/posts\/246","targetHints":{"allow":["GET"]}}],"collection":[{"href":"https:\/\/diocesanos.es\/blogs\/leotic\/wp-json\/wp\/v2\/posts"}],"about":[{"href":"https:\/\/diocesanos.es\/blogs\/leotic\/wp-json\/wp\/v2\/types\/post"}],"author":[{"embeddable":true,"href":"https:\/\/diocesanos.es\/blogs\/leotic\/wp-json\/wp\/v2\/users\/35"}],"replies":[{"embeddable":true,"href":"https:\/\/diocesanos.es\/blogs\/leotic\/wp-json\/wp\/v2\/comments?post=246"}],"version-history":[{"count":0,"href":"https:\/\/diocesanos.es\/blogs\/leotic\/wp-json\/wp\/v2\/posts\/246\/revisions"}],"wp:attachment":[{"href":"https:\/\/diocesanos.es\/blogs\/leotic\/wp-json\/wp\/v2\/media?parent=246"}],"wp:term":[{"taxonomy":"category","embeddable":true,"href":"https:\/\/diocesanos.es\/blogs\/leotic\/wp-json\/wp\/v2\/categories?post=246"},{"taxonomy":"post_tag","embeddable":true,"href":"https:\/\/diocesanos.es\/blogs\/leotic\/wp-json\/wp\/v2\/tags?post=246"}],"curies":[{"name":"wp","href":"https:\/\/api.w.org\/{rel}","templated":true}]}}