{"id":2427,"date":"2022-02-23T17:04:05","date_gmt":"2022-02-23T16:04:05","guid":{"rendered":"https:\/\/diocesanos.es\/blogs\/leotic\/?p=2427"},"modified":"2022-02-23T17:04:05","modified_gmt":"2022-02-23T16:04:05","slug":"nam-nam-cuentos-para-comer-de-todo","status":"publish","type":"post","link":"https:\/\/diocesanos.es\/blogs\/leotic\/2022\/02\/23\/nam-nam-cuentos-para-comer-de-todo\/","title":{"rendered":"\u00d1AM, \u00d1AM&#8230;Cuentos para comer de todo"},"content":{"rendered":"\n<p>Que un ni\u00f1o coma de todo es una de las mayores preocupaciones con las que se enfrentan todos los padres. Aprovechando el inter\u00e9s que los ni\u00f1os y las ni\u00f1as desarrollan por los libros, os recomendamos este malet\u00edn de Bru\u00f1o con 15 cuentos muy divertidos.<\/p>\n\n\n\n<figure class=\"wp-block-image size-full\"><a href=\"https:\/\/diocesanos.es\/blogs\/leotic\/wp-content\/uploads\/sites\/17\/2022\/02\/comer-de-tododelante.jpg\"><img loading=\"lazy\" decoding=\"async\" width=\"1000\" height=\"525\" src=\"https:\/\/diocesanos.es\/blogs\/leotic\/wp-content\/uploads\/sites\/17\/2022\/02\/comer-de-tododelante.jpg\" alt=\"\" class=\"wp-image-2450\" srcset=\"https:\/\/diocesanos.es\/blogs\/leotic\/wp-content\/uploads\/sites\/17\/2022\/02\/comer-de-tododelante.jpg 1000w, https:\/\/diocesanos.es\/blogs\/leotic\/wp-content\/uploads\/sites\/17\/2022\/02\/comer-de-tododelante-300x158.jpg 300w, https:\/\/diocesanos.es\/blogs\/leotic\/wp-content\/uploads\/sites\/17\/2022\/02\/comer-de-tododelante-768x403.jpg 768w, https:\/\/diocesanos.es\/blogs\/leotic\/wp-content\/uploads\/sites\/17\/2022\/02\/comer-de-tododelante-438x230.jpg 438w\" sizes=\"auto, (max-width: 1000px) 100vw, 1000px\" \/><\/a><\/figure>\n\n\n\n<figure class=\"wp-block-image size-large\"><a href=\"https:\/\/diocesanos.es\/blogs\/leotic\/wp-content\/uploads\/sites\/17\/2022\/02\/comer-de-todo-atras.jpg\"><img loading=\"lazy\" decoding=\"async\" width=\"1024\" height=\"922\" src=\"https:\/\/diocesanos.es\/blogs\/leotic\/wp-content\/uploads\/sites\/17\/2022\/02\/comer-de-todo-atras-1024x922.jpg\" alt=\"\" class=\"wp-image-2451\" srcset=\"https:\/\/diocesanos.es\/blogs\/leotic\/wp-content\/uploads\/sites\/17\/2022\/02\/comer-de-todo-atras-1024x922.jpg 1024w, https:\/\/diocesanos.es\/blogs\/leotic\/wp-content\/uploads\/sites\/17\/2022\/02\/comer-de-todo-atras-300x270.jpg 300w, https:\/\/diocesanos.es\/blogs\/leotic\/wp-content\/uploads\/sites\/17\/2022\/02\/comer-de-todo-atras-768x691.jpg 768w, https:\/\/diocesanos.es\/blogs\/leotic\/wp-content\/uploads\/sites\/17\/2022\/02\/comer-de-todo-atras-256x230.jpg 256w, https:\/\/diocesanos.es\/blogs\/leotic\/wp-content\/uploads\/sites\/17\/2022\/02\/comer-de-todo-atras.jpg 1482w\" sizes=\"auto, (max-width: 1024px) 100vw, 1024px\" \/><\/a><\/figure>\n","protected":false},"excerpt":{"rendered":"<p>Que un ni\u00f1o coma de todo es una de las mayores preocupaciones con las que se enfrentan todos los padres. Aprovechando el inter\u00e9s que los ni\u00f1os y las ni\u00f1as desarrollan por los libros, os recomendamos este malet\u00edn de Bru\u00f1o con 15 cuentos muy divertidos.<\/p>\n","protected":false},"author":693,"featured_media":0,"comment_status":"closed","ping_status":"closed","sticky":false,"template":"","format":"standard","meta":{"footnotes":""},"categories":[1],"tags":[],"class_list":["post-2427","post","type-post","status-publish","format-standard","hentry","category-sin-categoria"],"_links":{"self":[{"href":"https:\/\/diocesanos.es\/blogs\/leotic\/wp-json\/wp\/v2\/posts\/2427","targetHints":{"allow":["GET"]}}],"collection":[{"href":"https:\/\/diocesanos.es\/blogs\/leotic\/wp-json\/wp\/v2\/posts"}],"about":[{"href":"https:\/\/diocesanos.es\/blogs\/leotic\/wp-json\/wp\/v2\/types\/post"}],"author":[{"embeddable":true,"href":"https:\/\/diocesanos.es\/blogs\/leotic\/wp-json\/wp\/v2\/users\/693"}],"replies":[{"embeddable":true,"href":"https:\/\/diocesanos.es\/blogs\/leotic\/wp-json\/wp\/v2\/comments?post=2427"}],"version-history":[{"count":2,"href":"https:\/\/diocesanos.es\/blogs\/leotic\/wp-json\/wp\/v2\/posts\/2427\/revisions"}],"predecessor-version":[{"id":2452,"href":"https:\/\/diocesanos.es\/blogs\/leotic\/wp-json\/wp\/v2\/posts\/2427\/revisions\/2452"}],"wp:attachment":[{"href":"https:\/\/diocesanos.es\/blogs\/leotic\/wp-json\/wp\/v2\/media?parent=2427"}],"wp:term":[{"taxonomy":"category","embeddable":true,"href":"https:\/\/diocesanos.es\/blogs\/leotic\/wp-json\/wp\/v2\/categories?post=2427"},{"taxonomy":"post_tag","embeddable":true,"href":"https:\/\/diocesanos.es\/blogs\/leotic\/wp-json\/wp\/v2\/tags?post=2427"}],"curies":[{"name":"wp","href":"https:\/\/api.w.org\/{rel}","templated":true}]}}