{"id":241,"date":"2011-06-14T13:22:11","date_gmt":"2011-06-14T11:22:11","guid":{"rendered":"https:\/\/diocesanos.es\/blogs\/leotic\/?p=241"},"modified":"2015-02-24T13:28:03","modified_gmt":"2015-02-24T12:28:03","slug":"visitamos-la-biblioteca-publica","status":"publish","type":"post","link":"https:\/\/diocesanos.es\/blogs\/leotic\/2011\/06\/14\/visitamos-la-biblioteca-publica\/","title":{"rendered":"Visitamos la Biblioteca P\u00fablica"},"content":{"rendered":"<p>&nbsp;<\/p>\n<p>&nbsp;<\/p>\n<p style=\"text-align: center\"><a href=\"https:\/\/diocesanos.es\/blogs\/leotic\/wp-content\/uploads\/sites\/17\/2015\/02\/bpubli.jpg\"><img loading=\"lazy\" decoding=\"async\" class=\"alignnone size-full wp-image-242\" src=\"https:\/\/diocesanos.es\/blogs\/leotic\/wp-content\/uploads\/sites\/17\/2015\/02\/bpubli.jpg\" alt=\"??????????????????????\" width=\"279\" height=\"200\" \/><\/a><\/p>\n<p style=\"text-align: justify\">Hoy, 14 de junio de 2011, un grupo de 1.\u00ba hemos visitado la Biblioteca P\u00fablica de \u00c1vila.<\/p>\n<p style=\"text-align: justify\">Al llegar nos han explicado c\u00f3mo deb\u00edamos aprender a buscar la informaci\u00f3n en distintos libros de consulta, enciclopedias y diccionarios y nos han propuesto un trabajo por equipos de diferentes temas: m\u00fasica, pintura, cine y literatura.<\/p>\n<p style=\"text-align: justify\">El equipo ganador ha sido el compuesto por Jorge Arribas, Daniel Castellanos, Mar\u00eda Torres y Jonathan C\u00e1ceres, que lo han hecho realmente bien.<\/p>\n<p style=\"text-align: justify\">Al finalizar la actividad nos han regalado a todos un marcador de libros de la biblioteca; hemos aprovechado para enterarnos, los que no ten\u00edamos carn\u00e9 de la biblioteca, de qu\u00e9 hay que llevar (carn\u00e9 de identidad (tuyo y de tu padre o madre)).<\/p>\n<p style=\"text-align: justify\">Realmente ha sido una actividad interesante y divertida.<\/p>\n<p style=\"text-align: justify\">\n<p style=\"text-align: center\"><a href=\"https:\/\/diocesanos.es\/blogs\/leotic\/wp-content\/uploads\/sites\/17\/2015\/02\/bibliot.jpg\"><img loading=\"lazy\" decoding=\"async\" class=\"alignnone size-medium wp-image-243\" src=\"https:\/\/diocesanos.es\/blogs\/leotic\/wp-content\/uploads\/sites\/17\/2015\/02\/bibliot-300x200.jpg\" alt=\"bibliot\" width=\"300\" height=\"200\" srcset=\"https:\/\/diocesanos.es\/blogs\/leotic\/wp-content\/uploads\/sites\/17\/2015\/02\/bibliot-300x200.jpg 300w, https:\/\/diocesanos.es\/blogs\/leotic\/wp-content\/uploads\/sites\/17\/2015\/02\/bibliot-345x230.jpg 345w, https:\/\/diocesanos.es\/blogs\/leotic\/wp-content\/uploads\/sites\/17\/2015\/02\/bibliot.jpg 800w\" sizes=\"auto, (max-width: 300px) 100vw, 300px\" \/><\/a> <a href=\"https:\/\/diocesanos.es\/blogs\/leotic\/wp-content\/uploads\/sites\/17\/2015\/02\/bibliot2.jpg\"><img loading=\"lazy\" decoding=\"async\" class=\"alignnone size-medium wp-image-244\" src=\"https:\/\/diocesanos.es\/blogs\/leotic\/wp-content\/uploads\/sites\/17\/2015\/02\/bibliot2-300x200.jpg\" alt=\"bibliot2\" width=\"300\" height=\"200\" srcset=\"https:\/\/diocesanos.es\/blogs\/leotic\/wp-content\/uploads\/sites\/17\/2015\/02\/bibliot2-300x200.jpg 300w, https:\/\/diocesanos.es\/blogs\/leotic\/wp-content\/uploads\/sites\/17\/2015\/02\/bibliot2-345x230.jpg 345w, https:\/\/diocesanos.es\/blogs\/leotic\/wp-content\/uploads\/sites\/17\/2015\/02\/bibliot2.jpg 800w\" sizes=\"auto, (max-width: 300px) 100vw, 300px\" \/><\/a><\/p>\n","protected":false},"excerpt":{"rendered":"<p>&nbsp; &nbsp; Hoy, 14 de junio de 2011, un grupo de 1.\u00ba hemos visitado la Biblioteca P\u00fablica de \u00c1vila. Al llegar nos han explicado c\u00f3mo deb\u00edamos aprender a buscar la informaci\u00f3n en distintos libros de consulta, enciclopedias y diccionarios y nos han propuesto un trabajo por equipos de diferentes temas: m\u00fasica, pintura, cine y literatura. [&hellip;]<\/p>\n","protected":false},"author":35,"featured_media":0,"comment_status":"closed","ping_status":"closed","sticky":false,"template":"","format":"standard","meta":{"footnotes":""},"categories":[1],"tags":[25,8,20],"class_list":["post-241","post","type-post","status-publish","format-standard","hentry","category-sin-categoria","tag-biblioteca","tag-colegio-diocesano","tag-fomento-lectura"],"_links":{"self":[{"href":"https:\/\/diocesanos.es\/blogs\/leotic\/wp-json\/wp\/v2\/posts\/241","targetHints":{"allow":["GET"]}}],"collection":[{"href":"https:\/\/diocesanos.es\/blogs\/leotic\/wp-json\/wp\/v2\/posts"}],"about":[{"href":"https:\/\/diocesanos.es\/blogs\/leotic\/wp-json\/wp\/v2\/types\/post"}],"author":[{"embeddable":true,"href":"https:\/\/diocesanos.es\/blogs\/leotic\/wp-json\/wp\/v2\/users\/35"}],"replies":[{"embeddable":true,"href":"https:\/\/diocesanos.es\/blogs\/leotic\/wp-json\/wp\/v2\/comments?post=241"}],"version-history":[{"count":0,"href":"https:\/\/diocesanos.es\/blogs\/leotic\/wp-json\/wp\/v2\/posts\/241\/revisions"}],"wp:attachment":[{"href":"https:\/\/diocesanos.es\/blogs\/leotic\/wp-json\/wp\/v2\/media?parent=241"}],"wp:term":[{"taxonomy":"category","embeddable":true,"href":"https:\/\/diocesanos.es\/blogs\/leotic\/wp-json\/wp\/v2\/categories?post=241"},{"taxonomy":"post_tag","embeddable":true,"href":"https:\/\/diocesanos.es\/blogs\/leotic\/wp-json\/wp\/v2\/tags?post=241"}],"curies":[{"name":"wp","href":"https:\/\/api.w.org\/{rel}","templated":true}]}}