{"id":238,"date":"2012-11-24T13:14:27","date_gmt":"2012-11-24T12:14:27","guid":{"rendered":"https:\/\/diocesanos.es\/blogs\/leotic\/?p=238"},"modified":"2015-02-24T13:17:24","modified_gmt":"2015-02-24T12:17:24","slug":"vamos-al-teatro-2","status":"publish","type":"post","link":"https:\/\/diocesanos.es\/blogs\/leotic\/2012\/11\/24\/vamos-al-teatro-2\/","title":{"rendered":"Vamos al teatro"},"content":{"rendered":"<p style=\"text-align: center\"><a href=\"https:\/\/diocesanos.es\/blogs\/leotic\/wp-content\/uploads\/sites\/17\/2015\/02\/quijote.gif\"><img loading=\"lazy\" decoding=\"async\" class=\"alignnone size-medium wp-image-239\" src=\"https:\/\/diocesanos.es\/blogs\/leotic\/wp-content\/uploads\/sites\/17\/2015\/02\/quijote-245x300.gif\" alt=\"quijote\" width=\"245\" height=\"300\" srcset=\"https:\/\/diocesanos.es\/blogs\/leotic\/wp-content\/uploads\/sites\/17\/2015\/02\/quijote-245x300.gif 245w, https:\/\/diocesanos.es\/blogs\/leotic\/wp-content\/uploads\/sites\/17\/2015\/02\/quijote-188x230.gif 188w\" sizes=\"auto, (max-width: 245px) 100vw, 245px\" \/><\/a><\/p>\n<p style=\"text-align: justify\">El Seminario Did\u00e1ctico de Lengua Castellana y Literatura ha programado para los alumnos de 3.\u00ba y 4.\u00ba de ESO la asistencia a una adaptaci\u00f3n teatral de \u00ab<strong>Don Quijote de la Mancha<\/strong>\u00ab. Se trata de una actividad muy recomendable, ya que pueden a\u00f1adir esta obra a las lecturas que realicen durante este curso.<\/p>\n<p style=\"text-align: justify\">La representaci\u00f3n tendr\u00e1 lugar este lunes, 26 de noviembre, en el Auditorio San Francisco.<\/p>\n","protected":false},"excerpt":{"rendered":"<p>El Seminario Did\u00e1ctico de Lengua Castellana y Literatura ha programado para los alumnos de 3.\u00ba y 4.\u00ba de ESO la asistencia a una adaptaci\u00f3n teatral de \u00abDon Quijote de la Mancha\u00ab. Se trata de una actividad muy recomendable, ya que pueden a\u00f1adir esta obra a las lecturas que realicen durante este curso. La representaci\u00f3n tendr\u00e1 [&hellip;]<\/p>\n","protected":false},"author":35,"featured_media":0,"comment_status":"closed","ping_status":"closed","sticky":false,"template":"","format":"standard","meta":{"footnotes":""},"categories":[1],"tags":[23,8,12,22,2,21],"class_list":["post-238","post","type-post","status-publish","format-standard","hentry","category-sin-categoria","tag-clasicos-literarios","tag-colegio-diocesano","tag-eso","tag-literatura","tag-secundaria","tag-teatro"],"_links":{"self":[{"href":"https:\/\/diocesanos.es\/blogs\/leotic\/wp-json\/wp\/v2\/posts\/238","targetHints":{"allow":["GET"]}}],"collection":[{"href":"https:\/\/diocesanos.es\/blogs\/leotic\/wp-json\/wp\/v2\/posts"}],"about":[{"href":"https:\/\/diocesanos.es\/blogs\/leotic\/wp-json\/wp\/v2\/types\/post"}],"author":[{"embeddable":true,"href":"https:\/\/diocesanos.es\/blogs\/leotic\/wp-json\/wp\/v2\/users\/35"}],"replies":[{"embeddable":true,"href":"https:\/\/diocesanos.es\/blogs\/leotic\/wp-json\/wp\/v2\/comments?post=238"}],"version-history":[{"count":0,"href":"https:\/\/diocesanos.es\/blogs\/leotic\/wp-json\/wp\/v2\/posts\/238\/revisions"}],"wp:attachment":[{"href":"https:\/\/diocesanos.es\/blogs\/leotic\/wp-json\/wp\/v2\/media?parent=238"}],"wp:term":[{"taxonomy":"category","embeddable":true,"href":"https:\/\/diocesanos.es\/blogs\/leotic\/wp-json\/wp\/v2\/categories?post=238"},{"taxonomy":"post_tag","embeddable":true,"href":"https:\/\/diocesanos.es\/blogs\/leotic\/wp-json\/wp\/v2\/tags?post=238"}],"curies":[{"name":"wp","href":"https:\/\/api.w.org\/{rel}","templated":true}]}}