{"id":235,"date":"2012-12-13T12:53:56","date_gmt":"2012-12-13T11:53:56","guid":{"rendered":"https:\/\/diocesanos.es\/blogs\/leotic\/?p=235"},"modified":"2015-02-24T12:58:28","modified_gmt":"2015-02-24T11:58:28","slug":"para-disfrutar-de-la-lectura","status":"publish","type":"post","link":"https:\/\/diocesanos.es\/blogs\/leotic\/2012\/12\/13\/para-disfrutar-de-la-lectura\/","title":{"rendered":"Para disfrutar de la lectura"},"content":{"rendered":"<p style=\"text-align: center\"><a href=\"https:\/\/diocesanos.es\/blogs\/leotic\/wp-content\/uploads\/sites\/17\/2015\/02\/biblioteca1.jpg\"><img loading=\"lazy\" decoding=\"async\" class=\"alignnone size-medium wp-image-236\" src=\"https:\/\/diocesanos.es\/blogs\/leotic\/wp-content\/uploads\/sites\/17\/2015\/02\/biblioteca1-300x113.jpg\" alt=\"biblioteca\" width=\"300\" height=\"113\" srcset=\"https:\/\/diocesanos.es\/blogs\/leotic\/wp-content\/uploads\/sites\/17\/2015\/02\/biblioteca1-300x113.jpg 300w, https:\/\/diocesanos.es\/blogs\/leotic\/wp-content\/uploads\/sites\/17\/2015\/02\/biblioteca1.jpg 480w\" sizes=\"auto, (max-width: 300px) 100vw, 300px\" \/><\/a><\/p>\n<p style=\"text-align: justify\">El Departamento de Lengua Castellana y Literatura ha organizado una visita a la\u00a0<a href=\"http:\/\/www.avila.es\/ayuntamiento\/directorio-instalaciones-servicios\/276-Biblioteca-Municipal-Jose-Jimenez-Lozano\"><strong>Biblioteca \u00a0Municipal\u00a0\u00abJos\u00e9\u00a0Jim\u00e9nez Lozano\u00bb<\/strong><\/a> para los d\u00edas 10, 11 y 13 de diciembre.<\/p>\n<p style=\"text-align: justify\">Los alumnos han descubierto c\u00f3mo funciona una biblioteca, el sistema de pr\u00e9stamos, el material existente (DVD, documentales, libros de consulta,&#8230;) as\u00ed como el uso de la wifi.<\/p>\n<p style=\"text-align: justify\">Fueron muy divertidas las actividades de b\u00fasqueda en los libros que les propusieron.<\/p>\n","protected":false},"excerpt":{"rendered":"<p>El Departamento de Lengua Castellana y Literatura ha organizado una visita a la\u00a0Biblioteca \u00a0Municipal\u00a0\u00abJos\u00e9\u00a0Jim\u00e9nez Lozano\u00bb para los d\u00edas 10, 11 y 13 de diciembre. Los alumnos han descubierto c\u00f3mo funciona una biblioteca, el sistema de pr\u00e9stamos, el material existente (DVD, documentales, libros de consulta,&#8230;) as\u00ed como el uso de la wifi. Fueron muy divertidas las [&hellip;]<\/p>\n","protected":false},"author":35,"featured_media":0,"comment_status":"closed","ping_status":"closed","sticky":false,"template":"","format":"standard","meta":{"footnotes":""},"categories":[1],"tags":[25,8,20],"class_list":["post-235","post","type-post","status-publish","format-standard","hentry","category-sin-categoria","tag-biblioteca","tag-colegio-diocesano","tag-fomento-lectura"],"_links":{"self":[{"href":"https:\/\/diocesanos.es\/blogs\/leotic\/wp-json\/wp\/v2\/posts\/235","targetHints":{"allow":["GET"]}}],"collection":[{"href":"https:\/\/diocesanos.es\/blogs\/leotic\/wp-json\/wp\/v2\/posts"}],"about":[{"href":"https:\/\/diocesanos.es\/blogs\/leotic\/wp-json\/wp\/v2\/types\/post"}],"author":[{"embeddable":true,"href":"https:\/\/diocesanos.es\/blogs\/leotic\/wp-json\/wp\/v2\/users\/35"}],"replies":[{"embeddable":true,"href":"https:\/\/diocesanos.es\/blogs\/leotic\/wp-json\/wp\/v2\/comments?post=235"}],"version-history":[{"count":0,"href":"https:\/\/diocesanos.es\/blogs\/leotic\/wp-json\/wp\/v2\/posts\/235\/revisions"}],"wp:attachment":[{"href":"https:\/\/diocesanos.es\/blogs\/leotic\/wp-json\/wp\/v2\/media?parent=235"}],"wp:term":[{"taxonomy":"category","embeddable":true,"href":"https:\/\/diocesanos.es\/blogs\/leotic\/wp-json\/wp\/v2\/categories?post=235"},{"taxonomy":"post_tag","embeddable":true,"href":"https:\/\/diocesanos.es\/blogs\/leotic\/wp-json\/wp\/v2\/tags?post=235"}],"curies":[{"name":"wp","href":"https:\/\/api.w.org\/{rel}","templated":true}]}}