{"id":2292,"date":"2019-01-18T13:40:08","date_gmt":"2019-01-18T12:40:08","guid":{"rendered":"https:\/\/diocesanos.es\/blogs\/leotic\/?p=2292"},"modified":"2019-01-18T13:40:08","modified_gmt":"2019-01-18T12:40:08","slug":"la-maquina-del-tiempo","status":"publish","type":"post","link":"https:\/\/diocesanos.es\/blogs\/leotic\/2019\/01\/18\/la-maquina-del-tiempo\/","title":{"rendered":"La m\u00e1quina del tiempo"},"content":{"rendered":"\n<p class=\"has-drop-cap\">Olivia Mart\u00edn, alumna de 2\u00ba B de ESO en el <a href=\"https:\/\/diocesanos.es\/?Z=web&amp;C=asuncion\">Colegio Diocesano Asunci\u00f3n de Nuestra Se\u00f1ora<\/a>, tambi\u00e9n viaj\u00f3 al futuro en el mes de diciembre, participando en el Reto Lector del Dpto. de Lengua con el libro \u00abLa m\u00e1quina del tiempo\u00bb, de <a href=\"https:\/\/es.wikipedia.org\/wiki\/H._G._Wells\">Herbert George Wells.<\/a><\/p>\n\n\n\n<div class=\"wp-block-image\"><figure class=\"aligncenter is-resized\"><img loading=\"lazy\" decoding=\"async\" src=\"https:\/\/diocesanos.es\/blogs\/leotic\/wp-content\/uploads\/sites\/17\/2019\/01\/maquina-690x1024.jpg\" alt=\"\" class=\"wp-image-2293\" width=\"99\" height=\"146\" srcset=\"https:\/\/diocesanos.es\/blogs\/leotic\/wp-content\/uploads\/sites\/17\/2019\/01\/maquina-690x1024.jpg 690w, https:\/\/diocesanos.es\/blogs\/leotic\/wp-content\/uploads\/sites\/17\/2019\/01\/maquina-202x300.jpg 202w, https:\/\/diocesanos.es\/blogs\/leotic\/wp-content\/uploads\/sites\/17\/2019\/01\/maquina-768x1139.jpg 768w, https:\/\/diocesanos.es\/blogs\/leotic\/wp-content\/uploads\/sites\/17\/2019\/01\/maquina-155x230.jpg 155w, https:\/\/diocesanos.es\/blogs\/leotic\/wp-content\/uploads\/sites\/17\/2019\/01\/maquina.jpg 1477w\" sizes=\"auto, (max-width: 99px) 100vw, 99px\" \/><\/figure><\/div>\n\n\n\n<p><br>Seguro que al ver su Book trailer a ti tambi\u00e9n te entran ganas de ir al futuro&#8230;<\/p>\n\n\n\n<p><br><a rel=\"noreferrer noopener\" href=\"https:\/\/youtu.be\/veSjvz4Zl6E?fbclid=IwAR1lHMv90YIbNRpwiU0tpz7IvMLsiYk6Elf8ocUMnI02LyLmu6TSZAs2-f8\" target=\"_blank\">https:\/\/youtu.be\/veSjvz4Zl6E<\/a><\/p>\n","protected":false},"excerpt":{"rendered":"<p>Olivia Mart\u00edn, alumna de 2\u00ba B de ESO en el Colegio Diocesano Asunci\u00f3n de Nuestra Se\u00f1ora, tambi\u00e9n viaj\u00f3 al futuro en el mes de diciembre, participando en el Reto Lector del Dpto. de Lengua con el libro \u00abLa m\u00e1quina del tiempo\u00bb, de Herbert George Wells. Seguro que al ver su Book trailer a ti tambi\u00e9n [&hellip;]<\/p>\n","protected":false},"author":35,"featured_media":0,"comment_status":"closed","ping_status":"closed","sticky":false,"template":"","format":"standard","meta":{"footnotes":""},"categories":[1],"tags":[],"class_list":["post-2292","post","type-post","status-publish","format-standard","hentry","category-sin-categoria"],"_links":{"self":[{"href":"https:\/\/diocesanos.es\/blogs\/leotic\/wp-json\/wp\/v2\/posts\/2292","targetHints":{"allow":["GET"]}}],"collection":[{"href":"https:\/\/diocesanos.es\/blogs\/leotic\/wp-json\/wp\/v2\/posts"}],"about":[{"href":"https:\/\/diocesanos.es\/blogs\/leotic\/wp-json\/wp\/v2\/types\/post"}],"author":[{"embeddable":true,"href":"https:\/\/diocesanos.es\/blogs\/leotic\/wp-json\/wp\/v2\/users\/35"}],"replies":[{"embeddable":true,"href":"https:\/\/diocesanos.es\/blogs\/leotic\/wp-json\/wp\/v2\/comments?post=2292"}],"version-history":[{"count":2,"href":"https:\/\/diocesanos.es\/blogs\/leotic\/wp-json\/wp\/v2\/posts\/2292\/revisions"}],"predecessor-version":[{"id":2295,"href":"https:\/\/diocesanos.es\/blogs\/leotic\/wp-json\/wp\/v2\/posts\/2292\/revisions\/2295"}],"wp:attachment":[{"href":"https:\/\/diocesanos.es\/blogs\/leotic\/wp-json\/wp\/v2\/media?parent=2292"}],"wp:term":[{"taxonomy":"category","embeddable":true,"href":"https:\/\/diocesanos.es\/blogs\/leotic\/wp-json\/wp\/v2\/categories?post=2292"},{"taxonomy":"post_tag","embeddable":true,"href":"https:\/\/diocesanos.es\/blogs\/leotic\/wp-json\/wp\/v2\/tags?post=2292"}],"curies":[{"name":"wp","href":"https:\/\/api.w.org\/{rel}","templated":true}]}}