{"id":2271,"date":"2018-11-13T09:45:40","date_gmt":"2018-11-13T08:45:40","guid":{"rendered":"https:\/\/diocesanos.es\/blogs\/leotic\/?p=2271"},"modified":"2018-11-13T09:45:40","modified_gmt":"2018-11-13T08:45:40","slug":"pasarias-5-semanas-en-globo","status":"publish","type":"post","link":"https:\/\/diocesanos.es\/blogs\/leotic\/2018\/11\/13\/pasarias-5-semanas-en-globo\/","title":{"rendered":"\u00bfPasar\u00edas 5 semanas en globo?"},"content":{"rendered":"<p>Hoy tenemos una nueva propuesta de lectura que nos hace llegar Karim Sebastian Schenell, alumno de 1.\u00ba de ESO B.<\/p>\n<p>Para participar en el <strong>Dioce Reto Lector<\/strong> de este curso, y teniendo en cuenta que en octubre su libro deb\u00eda tener un n\u00famero en el t\u00edtulo, Karim opt\u00f3 por leer la primera novela que escribi\u00f3 <strong>Julio Verne<\/strong>, una\u00a0obra en la que se mezclan h\u00e1bilmente episodios de intriga plagados de aventuras y sobresaltos de todo tipo y descripciones t\u00e9cnicas, geogr\u00e1ficas e hist\u00f3ricas.<\/p>\n<p>Puedes ver c\u00f3mo nos recomienda su lectura Karim y te animamos a que pases &#8230;<strong>5 semanas en globo<\/strong>.<\/p>\n<p><iframe loading=\"lazy\" title=\"Colegio Diocesano Asunci\u00f3n de Nuestra Se\u00f1ora. Reto Lector curso 2018-19. Dpto. Lengua y Literatura\" width=\"500\" height=\"281\" src=\"https:\/\/www.youtube.com\/embed\/XZ17R3I2zQg?feature=oembed\" frameborder=\"0\" allow=\"accelerometer; autoplay; clipboard-write; encrypted-media; gyroscope; picture-in-picture; web-share\" referrerpolicy=\"strict-origin-when-cross-origin\" allowfullscreen><\/iframe><\/p>\n<p>&nbsp;<\/p>\n","protected":false},"excerpt":{"rendered":"<p>Hoy tenemos una nueva propuesta de lectura que nos hace llegar Karim Sebastian Schenell, alumno de 1.\u00ba de ESO B. Para participar en el Dioce Reto Lector de este curso, y teniendo en cuenta que en octubre su libro deb\u00eda tener un n\u00famero en el t\u00edtulo, Karim opt\u00f3 por leer la primera novela que escribi\u00f3 [&hellip;]<\/p>\n","protected":false},"author":33,"featured_media":0,"comment_status":"closed","ping_status":"closed","sticky":false,"template":"","format":"standard","meta":{"footnotes":""},"categories":[1],"tags":[],"class_list":["post-2271","post","type-post","status-publish","format-standard","hentry","category-sin-categoria"],"_links":{"self":[{"href":"https:\/\/diocesanos.es\/blogs\/leotic\/wp-json\/wp\/v2\/posts\/2271","targetHints":{"allow":["GET"]}}],"collection":[{"href":"https:\/\/diocesanos.es\/blogs\/leotic\/wp-json\/wp\/v2\/posts"}],"about":[{"href":"https:\/\/diocesanos.es\/blogs\/leotic\/wp-json\/wp\/v2\/types\/post"}],"author":[{"embeddable":true,"href":"https:\/\/diocesanos.es\/blogs\/leotic\/wp-json\/wp\/v2\/users\/33"}],"replies":[{"embeddable":true,"href":"https:\/\/diocesanos.es\/blogs\/leotic\/wp-json\/wp\/v2\/comments?post=2271"}],"version-history":[{"count":1,"href":"https:\/\/diocesanos.es\/blogs\/leotic\/wp-json\/wp\/v2\/posts\/2271\/revisions"}],"predecessor-version":[{"id":2272,"href":"https:\/\/diocesanos.es\/blogs\/leotic\/wp-json\/wp\/v2\/posts\/2271\/revisions\/2272"}],"wp:attachment":[{"href":"https:\/\/diocesanos.es\/blogs\/leotic\/wp-json\/wp\/v2\/media?parent=2271"}],"wp:term":[{"taxonomy":"category","embeddable":true,"href":"https:\/\/diocesanos.es\/blogs\/leotic\/wp-json\/wp\/v2\/categories?post=2271"},{"taxonomy":"post_tag","embeddable":true,"href":"https:\/\/diocesanos.es\/blogs\/leotic\/wp-json\/wp\/v2\/tags?post=2271"}],"curies":[{"name":"wp","href":"https:\/\/api.w.org\/{rel}","templated":true}]}}