{"id":227,"date":"2013-01-28T12:29:10","date_gmt":"2013-01-28T11:29:10","guid":{"rendered":"https:\/\/diocesanos.es\/blogs\/leotic\/?p=227"},"modified":"2015-02-24T12:37:49","modified_gmt":"2015-02-24T11:37:49","slug":"tenemos-una-visita-especial","status":"publish","type":"post","link":"https:\/\/diocesanos.es\/blogs\/leotic\/2013\/01\/28\/tenemos-una-visita-especial\/","title":{"rendered":"Tenemos una visita especial"},"content":{"rendered":"<p style=\"text-align: center\"><a href=\"https:\/\/diocesanos.es\/blogs\/leotic\/wp-content\/uploads\/sites\/17\/2015\/02\/auotr.jpg\"><img loading=\"lazy\" decoding=\"async\" class=\"alignnone size-medium wp-image-229\" src=\"https:\/\/diocesanos.es\/blogs\/leotic\/wp-content\/uploads\/sites\/17\/2015\/02\/auotr-300x86.jpg\" alt=\"auotr\" width=\"300\" height=\"86\" srcset=\"https:\/\/diocesanos.es\/blogs\/leotic\/wp-content\/uploads\/sites\/17\/2015\/02\/auotr-300x86.jpg 300w, https:\/\/diocesanos.es\/blogs\/leotic\/wp-content\/uploads\/sites\/17\/2015\/02\/auotr.jpg 419w\" sizes=\"auto, (max-width: 300px) 100vw, 300px\" \/><\/a><\/p>\n<p style=\"text-align: justify\">A ver si adivin\u00e1is qui\u00e9n viene a visitarnos a nuestro Colegio.<\/p>\n<p style=\"text-align: justify\">Algunas pistas:<\/p>\n<p style=\"text-align: justify\">Catedr\u00e1tica de Literatura espa\u00f1ola de la Universidad de Barcelona y autora de las adaptaciones \u00abLazarillo de Tormes\u00bb, \u00abCantar de Mio Cid\u00bb y \u00abEl Conde Lucanor\u00bb, que actualmente est\u00e1n leyendo nuestros alumnos de 1.\u00ba, 2.\u00ba y 3.\u00ba de ESO respectivamente.<\/p>\n<p style=\"text-align: justify\">\u00bfYa lo sab\u00e9is?<\/p>\n<p>\u00a1\u00a1\u00a1Biennnnn!!!<\/p>\n<p>Rosa Navarro Dur\u00e1n estar\u00e1 esta ma\u00f1ana en nuestro Colegio, compartiendo\u00a0con nosotros su pasi\u00f3n por la literatura.<\/p>\n<p style=\"text-align: center\"><a href=\"https:\/\/diocesanos.es\/blogs\/leotic\/wp-content\/uploads\/sites\/17\/2015\/02\/rosa.jpg\"><img loading=\"lazy\" decoding=\"async\" class=\"alignnone size-full wp-image-228\" src=\"https:\/\/diocesanos.es\/blogs\/leotic\/wp-content\/uploads\/sites\/17\/2015\/02\/rosa.jpg\" alt=\"rosa\" width=\"200\" height=\"299\" srcset=\"https:\/\/diocesanos.es\/blogs\/leotic\/wp-content\/uploads\/sites\/17\/2015\/02\/rosa.jpg 200w, https:\/\/diocesanos.es\/blogs\/leotic\/wp-content\/uploads\/sites\/17\/2015\/02\/rosa-154x230.jpg 154w\" sizes=\"auto, (max-width: 200px) 100vw, 200px\" \/><\/a><\/p>\n","protected":false},"excerpt":{"rendered":"<p>A ver si adivin\u00e1is qui\u00e9n viene a visitarnos a nuestro Colegio. Algunas pistas: Catedr\u00e1tica de Literatura espa\u00f1ola de la Universidad de Barcelona y autora de las adaptaciones \u00abLazarillo de Tormes\u00bb, \u00abCantar de Mio Cid\u00bb y \u00abEl Conde Lucanor\u00bb, que actualmente est\u00e1n leyendo nuestros alumnos de 1.\u00ba, 2.\u00ba y 3.\u00ba de ESO respectivamente. \u00bfYa lo sab\u00e9is? [&hellip;]<\/p>\n","protected":false},"author":35,"featured_media":0,"comment_status":"closed","ping_status":"closed","sticky":false,"template":"","format":"standard","meta":{"footnotes":""},"categories":[1],"tags":[8,13,16,20,22,2],"class_list":["post-227","post","type-post","status-publish","format-standard","hentry","category-sin-categoria","tag-colegio-diocesano","tag-creacion-literaria","tag-escribir","tag-fomento-lectura","tag-literatura","tag-secundaria"],"_links":{"self":[{"href":"https:\/\/diocesanos.es\/blogs\/leotic\/wp-json\/wp\/v2\/posts\/227","targetHints":{"allow":["GET"]}}],"collection":[{"href":"https:\/\/diocesanos.es\/blogs\/leotic\/wp-json\/wp\/v2\/posts"}],"about":[{"href":"https:\/\/diocesanos.es\/blogs\/leotic\/wp-json\/wp\/v2\/types\/post"}],"author":[{"embeddable":true,"href":"https:\/\/diocesanos.es\/blogs\/leotic\/wp-json\/wp\/v2\/users\/35"}],"replies":[{"embeddable":true,"href":"https:\/\/diocesanos.es\/blogs\/leotic\/wp-json\/wp\/v2\/comments?post=227"}],"version-history":[{"count":0,"href":"https:\/\/diocesanos.es\/blogs\/leotic\/wp-json\/wp\/v2\/posts\/227\/revisions"}],"wp:attachment":[{"href":"https:\/\/diocesanos.es\/blogs\/leotic\/wp-json\/wp\/v2\/media?parent=227"}],"wp:term":[{"taxonomy":"category","embeddable":true,"href":"https:\/\/diocesanos.es\/blogs\/leotic\/wp-json\/wp\/v2\/categories?post=227"},{"taxonomy":"post_tag","embeddable":true,"href":"https:\/\/diocesanos.es\/blogs\/leotic\/wp-json\/wp\/v2\/tags?post=227"}],"curies":[{"name":"wp","href":"https:\/\/api.w.org\/{rel}","templated":true}]}}