{"id":2266,"date":"2018-11-12T12:16:59","date_gmt":"2018-11-12T11:16:59","guid":{"rendered":"https:\/\/diocesanos.es\/blogs\/leotic\/?p=2266"},"modified":"2018-11-16T12:21:26","modified_gmt":"2018-11-16T11:21:26","slug":"la-vuelta-al-mundo-en-80-dias","status":"publish","type":"post","link":"https:\/\/diocesanos.es\/blogs\/leotic\/2018\/11\/12\/la-vuelta-al-mundo-en-80-dias\/","title":{"rendered":"La vuelta al mundo en 80 d\u00edas"},"content":{"rendered":"<p>Claudia Velayos, alumna de 1\u00ba curso de ESO, es una de las participantes en el <strong>RETO LECTOR<\/strong> propuesto por el Departamento de Lengua y Literatura del <a href=\"https:\/\/diocesanos.es\/?Z=web&amp;C=asuncion\">Colegio Diocesano Asunci\u00f3n de Nuestra Se\u00f1ora<\/a>.<\/p>\n<p>El mes de octubre deb\u00eda leer un libro en cuyo t\u00edtulo apareciera un n\u00famero, y su elecci\u00f3n fue muy acertada: ley\u00f3 <strong>La vuelta al mundo en 80 d\u00edas<\/strong>, de <a href=\"https:\/\/es.wikipedia.org\/wiki\/Julio_Verne\">Julio Verne<\/a>, y nos ha enviado un Book trailer de esta obra para que t\u00fa tambi\u00e9n te animes a leerla.<\/p>\n<p><iframe loading=\"lazy\" title=\"Colegio Diocesano Asunci\u00f3n de Nuestra Se\u00f1ora\" width=\"500\" height=\"281\" src=\"https:\/\/www.youtube.com\/embed\/f0f4OzJgWeM?feature=oembed\" frameborder=\"0\" allow=\"accelerometer; autoplay; clipboard-write; encrypted-media; gyroscope; picture-in-picture; web-share\" referrerpolicy=\"strict-origin-when-cross-origin\" allowfullscreen><\/iframe><\/p>\n<p>&nbsp;<\/p>\n","protected":false},"excerpt":{"rendered":"<p>Claudia Velayos, alumna de 1\u00ba curso de ESO, es una de las participantes en el RETO LECTOR propuesto por el Departamento de Lengua y Literatura del Colegio Diocesano Asunci\u00f3n de Nuestra Se\u00f1ora. El mes de octubre deb\u00eda leer un libro en cuyo t\u00edtulo apareciera un n\u00famero, y su elecci\u00f3n fue muy acertada: ley\u00f3 La vuelta [&hellip;]<\/p>\n","protected":false},"author":33,"featured_media":0,"comment_status":"closed","ping_status":"closed","sticky":false,"template":"","format":"standard","meta":{"footnotes":""},"categories":[41,39,36,46],"tags":[],"class_list":["post-2266","post","type-post","status-publish","format-standard","hentry","category-colegio-diocesano","category-concurso","category-lectura","category-recomendacion"],"_links":{"self":[{"href":"https:\/\/diocesanos.es\/blogs\/leotic\/wp-json\/wp\/v2\/posts\/2266","targetHints":{"allow":["GET"]}}],"collection":[{"href":"https:\/\/diocesanos.es\/blogs\/leotic\/wp-json\/wp\/v2\/posts"}],"about":[{"href":"https:\/\/diocesanos.es\/blogs\/leotic\/wp-json\/wp\/v2\/types\/post"}],"author":[{"embeddable":true,"href":"https:\/\/diocesanos.es\/blogs\/leotic\/wp-json\/wp\/v2\/users\/33"}],"replies":[{"embeddable":true,"href":"https:\/\/diocesanos.es\/blogs\/leotic\/wp-json\/wp\/v2\/comments?post=2266"}],"version-history":[{"count":3,"href":"https:\/\/diocesanos.es\/blogs\/leotic\/wp-json\/wp\/v2\/posts\/2266\/revisions"}],"predecessor-version":[{"id":2269,"href":"https:\/\/diocesanos.es\/blogs\/leotic\/wp-json\/wp\/v2\/posts\/2266\/revisions\/2269"}],"wp:attachment":[{"href":"https:\/\/diocesanos.es\/blogs\/leotic\/wp-json\/wp\/v2\/media?parent=2266"}],"wp:term":[{"taxonomy":"category","embeddable":true,"href":"https:\/\/diocesanos.es\/blogs\/leotic\/wp-json\/wp\/v2\/categories?post=2266"},{"taxonomy":"post_tag","embeddable":true,"href":"https:\/\/diocesanos.es\/blogs\/leotic\/wp-json\/wp\/v2\/tags?post=2266"}],"curies":[{"name":"wp","href":"https:\/\/api.w.org\/{rel}","templated":true}]}}