{"id":224,"date":"2013-02-15T12:20:48","date_gmt":"2013-02-15T11:20:48","guid":{"rendered":"https:\/\/diocesanos.es\/blogs\/leotic\/?p=224"},"modified":"2015-02-24T12:24:11","modified_gmt":"2015-02-24T11:24:11","slug":"tenemos-una-carta-de-rosa-navarro-duran","status":"publish","type":"post","link":"https:\/\/diocesanos.es\/blogs\/leotic\/2013\/02\/15\/tenemos-una-carta-de-rosa-navarro-duran\/","title":{"rendered":"Tenemos una carta&#8230;de Rosa Navarro Dur\u00e1n"},"content":{"rendered":"<p style=\"text-align: center\"><a href=\"https:\/\/diocesanos.es\/blogs\/leotic\/wp-content\/uploads\/sites\/17\/2015\/02\/conde.jpg\"><img loading=\"lazy\" decoding=\"async\" class=\"alignnone size-medium wp-image-225\" src=\"https:\/\/diocesanos.es\/blogs\/leotic\/wp-content\/uploads\/sites\/17\/2015\/02\/conde-300x300.jpg\" alt=\"conde\" width=\"300\" height=\"300\" srcset=\"https:\/\/diocesanos.es\/blogs\/leotic\/wp-content\/uploads\/sites\/17\/2015\/02\/conde-300x300.jpg 300w, https:\/\/diocesanos.es\/blogs\/leotic\/wp-content\/uploads\/sites\/17\/2015\/02\/conde-150x150.jpg 150w, https:\/\/diocesanos.es\/blogs\/leotic\/wp-content\/uploads\/sites\/17\/2015\/02\/conde-230x230.jpg 230w, https:\/\/diocesanos.es\/blogs\/leotic\/wp-content\/uploads\/sites\/17\/2015\/02\/conde.jpg 1000w\" sizes=\"auto, (max-width: 300px) 100vw, 300px\" \/><\/a><\/p>\n<p style=\"text-align: justify\">\u00bfRecord\u00e1is a esta escritora, que vino a visitarnos el pasado 28 de enero?<\/p>\n<p style=\"text-align: justify\">Nos habl\u00f3 de sus libros de lectura, que estamos leyendo en las clases, y procur\u00f3 transmitirnos su pasi\u00f3n por la literatura.<\/p>\n<p style=\"text-align: justify\">Ahora nos escribe desde Barcelona para darnos las gracias por la acogida y para animarnos a seguir leyendo y estudiando.<\/p>\n<p style=\"text-align: justify\">\u00abSi vosotros los le\u00e9is, no van a olvidarse nunca, no van a perderse.\u00bb<\/p>\n","protected":false},"excerpt":{"rendered":"<p>\u00bfRecord\u00e1is a esta escritora, que vino a visitarnos el pasado 28 de enero? Nos habl\u00f3 de sus libros de lectura, que estamos leyendo en las clases, y procur\u00f3 transmitirnos su pasi\u00f3n por la literatura. Ahora nos escribe desde Barcelona para darnos las gracias por la acogida y para animarnos a seguir leyendo y estudiando. \u00abSi [&hellip;]<\/p>\n","protected":false},"author":35,"featured_media":0,"comment_status":"closed","ping_status":"closed","sticky":false,"template":"","format":"standard","meta":{"footnotes":""},"categories":[1],"tags":[8,3,20,22],"class_list":["post-224","post","type-post","status-publish","format-standard","hentry","category-sin-categoria","tag-colegio-diocesano","tag-escritura","tag-fomento-lectura","tag-literatura"],"_links":{"self":[{"href":"https:\/\/diocesanos.es\/blogs\/leotic\/wp-json\/wp\/v2\/posts\/224","targetHints":{"allow":["GET"]}}],"collection":[{"href":"https:\/\/diocesanos.es\/blogs\/leotic\/wp-json\/wp\/v2\/posts"}],"about":[{"href":"https:\/\/diocesanos.es\/blogs\/leotic\/wp-json\/wp\/v2\/types\/post"}],"author":[{"embeddable":true,"href":"https:\/\/diocesanos.es\/blogs\/leotic\/wp-json\/wp\/v2\/users\/35"}],"replies":[{"embeddable":true,"href":"https:\/\/diocesanos.es\/blogs\/leotic\/wp-json\/wp\/v2\/comments?post=224"}],"version-history":[{"count":0,"href":"https:\/\/diocesanos.es\/blogs\/leotic\/wp-json\/wp\/v2\/posts\/224\/revisions"}],"wp:attachment":[{"href":"https:\/\/diocesanos.es\/blogs\/leotic\/wp-json\/wp\/v2\/media?parent=224"}],"wp:term":[{"taxonomy":"category","embeddable":true,"href":"https:\/\/diocesanos.es\/blogs\/leotic\/wp-json\/wp\/v2\/categories?post=224"},{"taxonomy":"post_tag","embeddable":true,"href":"https:\/\/diocesanos.es\/blogs\/leotic\/wp-json\/wp\/v2\/tags?post=224"}],"curies":[{"name":"wp","href":"https:\/\/api.w.org\/{rel}","templated":true}]}}