{"id":212,"date":"2013-05-15T12:07:26","date_gmt":"2013-05-15T10:07:26","guid":{"rendered":"https:\/\/diocesanos.es\/blogs\/leotic\/?p=212"},"modified":"2015-02-24T12:11:35","modified_gmt":"2015-02-24T11:11:35","slug":"una-manana-en-el-cites","status":"publish","type":"post","link":"https:\/\/diocesanos.es\/blogs\/leotic\/2013\/05\/15\/una-manana-en-el-cites\/","title":{"rendered":"Una ma\u00f1ana en el CITES"},"content":{"rendered":"<p style=\"text-align: center\"><a href=\"https:\/\/diocesanos.es\/blogs\/leotic\/wp-content\/uploads\/sites\/17\/2015\/02\/cites-3.jpg\"><img loading=\"lazy\" decoding=\"async\" class=\"alignnone size-full wp-image-213\" src=\"https:\/\/diocesanos.es\/blogs\/leotic\/wp-content\/uploads\/sites\/17\/2015\/02\/cites-3.jpg\" alt=\"cites 3\" width=\"214\" height=\"159\" \/><\/a> <a href=\"https:\/\/diocesanos.es\/blogs\/leotic\/wp-content\/uploads\/sites\/17\/2015\/02\/cites2.jpg\"><img loading=\"lazy\" decoding=\"async\" class=\"alignnone size-medium wp-image-214\" src=\"https:\/\/diocesanos.es\/blogs\/leotic\/wp-content\/uploads\/sites\/17\/2015\/02\/cites2.jpg\" alt=\"cites2\" width=\"119\" height=\"159\" \/><\/a> <a href=\"https:\/\/diocesanos.es\/blogs\/leotic\/wp-content\/uploads\/sites\/17\/2015\/02\/cites.jpg\"><img loading=\"lazy\" decoding=\"async\" class=\"alignnone size-medium wp-image-215\" src=\"https:\/\/diocesanos.es\/blogs\/leotic\/wp-content\/uploads\/sites\/17\/2015\/02\/cites.jpg\" alt=\"cites\" width=\"213\" height=\"159\" \/><\/a><\/p>\n<p style=\"text-align: justify\">El pasado jueves 9 de Mayo, los alumnos de 3.\u00ba de ESO, junto con algunos de sus profesores, realizaron una visita formativa a la <a href=\"http:\/\/www.citesavila.org\/web\/es\/\"><strong>Universidad de la M\u00edstica (CITES)<\/strong><\/a>.<\/p>\n<p style=\"text-align: justify\">All\u00ed, visitaron las instalaciones, les hablaron de nuestros grandes m\u00edsticos: Santa Teresa de Jes\u00fas y San Juan de la Cruz y terminaron la jornada con un peque\u00f1o aperitivo.<\/p>\n<p style=\"text-align: justify\">El CITES est\u00e1 a disposici\u00f3n de todos los visitantes y de los abulenses para ayudarnos a cuidar y fomentar nuestra espiritualidad.<\/p>\n","protected":false},"excerpt":{"rendered":"<p>El pasado jueves 9 de Mayo, los alumnos de 3.\u00ba de ESO, junto con algunos de sus profesores, realizaron una visita formativa a la Universidad de la M\u00edstica (CITES). All\u00ed, visitaron las instalaciones, les hablaron de nuestros grandes m\u00edsticos: Santa Teresa de Jes\u00fas y San Juan de la Cruz y terminaron la jornada con un [&hellip;]<\/p>\n","protected":false},"author":35,"featured_media":0,"comment_status":"closed","ping_status":"closed","sticky":false,"template":"","format":"standard","meta":{"footnotes":""},"categories":[1],"tags":[8,12,24,2],"class_list":["post-212","post","type-post","status-publish","format-standard","hentry","category-sin-categoria","tag-colegio-diocesano","tag-eso","tag-mistica","tag-secundaria"],"_links":{"self":[{"href":"https:\/\/diocesanos.es\/blogs\/leotic\/wp-json\/wp\/v2\/posts\/212","targetHints":{"allow":["GET"]}}],"collection":[{"href":"https:\/\/diocesanos.es\/blogs\/leotic\/wp-json\/wp\/v2\/posts"}],"about":[{"href":"https:\/\/diocesanos.es\/blogs\/leotic\/wp-json\/wp\/v2\/types\/post"}],"author":[{"embeddable":true,"href":"https:\/\/diocesanos.es\/blogs\/leotic\/wp-json\/wp\/v2\/users\/35"}],"replies":[{"embeddable":true,"href":"https:\/\/diocesanos.es\/blogs\/leotic\/wp-json\/wp\/v2\/comments?post=212"}],"version-history":[{"count":0,"href":"https:\/\/diocesanos.es\/blogs\/leotic\/wp-json\/wp\/v2\/posts\/212\/revisions"}],"wp:attachment":[{"href":"https:\/\/diocesanos.es\/blogs\/leotic\/wp-json\/wp\/v2\/media?parent=212"}],"wp:term":[{"taxonomy":"category","embeddable":true,"href":"https:\/\/diocesanos.es\/blogs\/leotic\/wp-json\/wp\/v2\/categories?post=212"},{"taxonomy":"post_tag","embeddable":true,"href":"https:\/\/diocesanos.es\/blogs\/leotic\/wp-json\/wp\/v2\/tags?post=212"}],"curies":[{"name":"wp","href":"https:\/\/api.w.org\/{rel}","templated":true}]}}