{"id":207,"date":"2013-06-05T12:00:53","date_gmt":"2013-06-05T10:00:53","guid":{"rendered":"https:\/\/diocesanos.es\/blogs\/leotic\/?p=207"},"modified":"2015-02-24T12:06:44","modified_gmt":"2015-02-24T11:06:44","slug":"leer-es-importante","status":"publish","type":"post","link":"https:\/\/diocesanos.es\/blogs\/leotic\/2013\/06\/05\/leer-es-importante\/","title":{"rendered":"Leer es importante"},"content":{"rendered":"<p style=\"text-align: center\"><a href=\"https:\/\/diocesanos.es\/blogs\/leotic\/wp-content\/uploads\/sites\/17\/2015\/02\/leer.jpg\"><img loading=\"lazy\" decoding=\"async\" class=\"alignnone size-medium wp-image-208\" src=\"https:\/\/diocesanos.es\/blogs\/leotic\/wp-content\/uploads\/sites\/17\/2015\/02\/leer-300x147.jpg\" alt=\"leer\" width=\"300\" height=\"147\" srcset=\"https:\/\/diocesanos.es\/blogs\/leotic\/wp-content\/uploads\/sites\/17\/2015\/02\/leer-300x147.jpg 300w, https:\/\/diocesanos.es\/blogs\/leotic\/wp-content\/uploads\/sites\/17\/2015\/02\/leer-1024x502.jpg 1024w, https:\/\/diocesanos.es\/blogs\/leotic\/wp-content\/uploads\/sites\/17\/2015\/02\/leer-469x230.jpg 469w, https:\/\/diocesanos.es\/blogs\/leotic\/wp-content\/uploads\/sites\/17\/2015\/02\/leer.jpg 1600w\" sizes=\"auto, (max-width: 300px) 100vw, 300px\" \/><\/a><\/p>\n<p style=\"text-align: justify\">Durante los d\u00edas 21 y 23 de mayo, los alumnos de todos los grupos de 3.\u00ba y 4.\u00ba de ESO han participado en una actividad de Animaci\u00f3n a la lectura organizada por el Departamento de Lengua con la colaboraci\u00f3n de la editorial EDEB\u00c9.<\/p>\n<p style=\"text-align: justify\">El animador fue Benjam\u00edn, especialista en la realizaci\u00f3n de actividades de fomento de la lectura. De origen gallego, Benjam\u00edn desarrolla su labor profesional en Galicia y en Castilla y Le\u00f3n fundamentalmente.<\/p>\n<p style=\"text-align: justify\">Los t\u00edtulos animados fueron \u00abLos ojos en el espejo\u00bb de Jos\u00e9 Mar\u00eda Latorre y \u00abMarianela\u00bb de Benito P\u00e9rez Gald\u00f3s.<\/p>\n<p style=\"text-align: justify\">Lo cierto es que esta actividad anim\u00f3 a los alumnos a leer. Y t\u00fa&#8230;\u00bfte animas a leer?<\/p>\n<p style=\"text-align: center\"><a href=\"https:\/\/diocesanos.es\/blogs\/leotic\/wp-content\/uploads\/sites\/17\/2015\/02\/edebe.jpg\"><img loading=\"lazy\" decoding=\"async\" class=\"alignnone size-medium wp-image-209\" src=\"https:\/\/diocesanos.es\/blogs\/leotic\/wp-content\/uploads\/sites\/17\/2015\/02\/edebe-300x225.jpg\" alt=\"edebe\" width=\"300\" height=\"225\" srcset=\"https:\/\/diocesanos.es\/blogs\/leotic\/wp-content\/uploads\/sites\/17\/2015\/02\/edebe-300x225.jpg 300w, https:\/\/diocesanos.es\/blogs\/leotic\/wp-content\/uploads\/sites\/17\/2015\/02\/edebe-307x230.jpg 307w, https:\/\/diocesanos.es\/blogs\/leotic\/wp-content\/uploads\/sites\/17\/2015\/02\/edebe.jpg 960w\" sizes=\"auto, (max-width: 300px) 100vw, 300px\" \/><\/a> <a href=\"https:\/\/diocesanos.es\/blogs\/leotic\/wp-content\/uploads\/sites\/17\/2015\/02\/edebe2.jpg\"><img loading=\"lazy\" decoding=\"async\" class=\"alignnone size-medium wp-image-210\" src=\"https:\/\/diocesanos.es\/blogs\/leotic\/wp-content\/uploads\/sites\/17\/2015\/02\/edebe2-300x225.jpg\" alt=\"edebe2\" width=\"300\" height=\"225\" srcset=\"https:\/\/diocesanos.es\/blogs\/leotic\/wp-content\/uploads\/sites\/17\/2015\/02\/edebe2-300x225.jpg 300w, https:\/\/diocesanos.es\/blogs\/leotic\/wp-content\/uploads\/sites\/17\/2015\/02\/edebe2-307x230.jpg 307w, https:\/\/diocesanos.es\/blogs\/leotic\/wp-content\/uploads\/sites\/17\/2015\/02\/edebe2.jpg 960w\" sizes=\"auto, (max-width: 300px) 100vw, 300px\" \/><\/a><\/p>\n","protected":false},"excerpt":{"rendered":"<p>Durante los d\u00edas 21 y 23 de mayo, los alumnos de todos los grupos de 3.\u00ba y 4.\u00ba de ESO han participado en una actividad de Animaci\u00f3n a la lectura organizada por el Departamento de Lengua con la colaboraci\u00f3n de la editorial EDEB\u00c9. El animador fue Benjam\u00edn, especialista en la realizaci\u00f3n de actividades de fomento [&hellip;]<\/p>\n","protected":false},"author":35,"featured_media":0,"comment_status":"closed","ping_status":"closed","sticky":false,"template":"","format":"standard","meta":{"footnotes":""},"categories":[1],"tags":[8,4,12,20,22,2],"class_list":["post-207","post","type-post","status-publish","format-standard","hentry","category-sin-categoria","tag-colegio-diocesano","tag-creatividad","tag-eso","tag-fomento-lectura","tag-literatura","tag-secundaria"],"_links":{"self":[{"href":"https:\/\/diocesanos.es\/blogs\/leotic\/wp-json\/wp\/v2\/posts\/207","targetHints":{"allow":["GET"]}}],"collection":[{"href":"https:\/\/diocesanos.es\/blogs\/leotic\/wp-json\/wp\/v2\/posts"}],"about":[{"href":"https:\/\/diocesanos.es\/blogs\/leotic\/wp-json\/wp\/v2\/types\/post"}],"author":[{"embeddable":true,"href":"https:\/\/diocesanos.es\/blogs\/leotic\/wp-json\/wp\/v2\/users\/35"}],"replies":[{"embeddable":true,"href":"https:\/\/diocesanos.es\/blogs\/leotic\/wp-json\/wp\/v2\/comments?post=207"}],"version-history":[{"count":0,"href":"https:\/\/diocesanos.es\/blogs\/leotic\/wp-json\/wp\/v2\/posts\/207\/revisions"}],"wp:attachment":[{"href":"https:\/\/diocesanos.es\/blogs\/leotic\/wp-json\/wp\/v2\/media?parent=207"}],"wp:term":[{"taxonomy":"category","embeddable":true,"href":"https:\/\/diocesanos.es\/blogs\/leotic\/wp-json\/wp\/v2\/categories?post=207"},{"taxonomy":"post_tag","embeddable":true,"href":"https:\/\/diocesanos.es\/blogs\/leotic\/wp-json\/wp\/v2\/tags?post=207"}],"curies":[{"name":"wp","href":"https:\/\/api.w.org\/{rel}","templated":true}]}}