{"id":202,"date":"2013-12-07T11:54:48","date_gmt":"2013-12-07T10:54:48","guid":{"rendered":"https:\/\/diocesanos.es\/blogs\/leotic\/?p=202"},"modified":"2015-02-24T12:00:06","modified_gmt":"2015-02-24T11:00:06","slug":"no-dejes-de-leer","status":"publish","type":"post","link":"https:\/\/diocesanos.es\/blogs\/leotic\/2013\/12\/07\/no-dejes-de-leer\/","title":{"rendered":"No dejes de leer"},"content":{"rendered":"<p style=\"text-align: center\"><a href=\"https:\/\/diocesanos.es\/blogs\/leotic\/wp-content\/uploads\/sites\/17\/2015\/02\/3.jpg-large.jpg\"><img loading=\"lazy\" decoding=\"async\" class=\"alignnone size-full wp-image-203\" src=\"https:\/\/diocesanos.es\/blogs\/leotic\/wp-content\/uploads\/sites\/17\/2015\/02\/3.jpg-large.jpg\" alt=\"3.jpg-large\" width=\"100\" height=\"75\" \/><\/a> <a href=\"https:\/\/diocesanos.es\/blogs\/leotic\/wp-content\/uploads\/sites\/17\/2015\/02\/9.jpg-large.jpg\"><img loading=\"lazy\" decoding=\"async\" class=\"alignnone size-medium wp-image-204\" src=\"https:\/\/diocesanos.es\/blogs\/leotic\/wp-content\/uploads\/sites\/17\/2015\/02\/9.jpg-large.jpg\" alt=\"9.jpg-large\" width=\"74\" height=\"99\" \/><\/a><\/p>\n<p style=\"text-align: justify\">Durante los d\u00edas 2 y 3 de diciembre, los alumnos de 3.\u00ba ESO han visitado la <a href=\"http:\/\/www.avila.es\/ayuntamiento\/directorio-instalaciones-servicios\/276-Biblioteca-Municipal-Jose-Jimenez-Lozano\"><strong>Biblioteca Municipal \u00abJos\u00e9 Jim\u00e9nez Lozano\u00bb<\/strong><\/a>, como parte de la programaci\u00f3n did\u00e1ctica del Departamento de Lengua Castellana y Literatura para este curso.<\/p>\n<p style=\"text-align: justify\">Esta actividad est\u00e1 incluida en nuestro Plan de Fomento de la lectura, que pretende hacer que los j\u00f3venes mantengan o adquieran el h\u00e1bito tan saludable de leer libros.<\/p>\n<p style=\"text-align: justify\">La biblioteca nos abre sus puertas facilit\u00e1ndonos el pr\u00e9stamo de materiales y el uso de wifi.<\/p>\n<p style=\"text-align: justify\">\n","protected":false},"excerpt":{"rendered":"<p>Durante los d\u00edas 2 y 3 de diciembre, los alumnos de 3.\u00ba ESO han visitado la Biblioteca Municipal \u00abJos\u00e9 Jim\u00e9nez Lozano\u00bb, como parte de la programaci\u00f3n did\u00e1ctica del Departamento de Lengua Castellana y Literatura para este curso. Esta actividad est\u00e1 incluida en nuestro Plan de Fomento de la lectura, que pretende hacer que los j\u00f3venes [&hellip;]<\/p>\n","protected":false},"author":35,"featured_media":0,"comment_status":"closed","ping_status":"closed","sticky":false,"template":"","format":"standard","meta":{"footnotes":""},"categories":[1],"tags":[8,12,20,22,2],"class_list":["post-202","post","type-post","status-publish","format-standard","hentry","category-sin-categoria","tag-colegio-diocesano","tag-eso","tag-fomento-lectura","tag-literatura","tag-secundaria"],"_links":{"self":[{"href":"https:\/\/diocesanos.es\/blogs\/leotic\/wp-json\/wp\/v2\/posts\/202","targetHints":{"allow":["GET"]}}],"collection":[{"href":"https:\/\/diocesanos.es\/blogs\/leotic\/wp-json\/wp\/v2\/posts"}],"about":[{"href":"https:\/\/diocesanos.es\/blogs\/leotic\/wp-json\/wp\/v2\/types\/post"}],"author":[{"embeddable":true,"href":"https:\/\/diocesanos.es\/blogs\/leotic\/wp-json\/wp\/v2\/users\/35"}],"replies":[{"embeddable":true,"href":"https:\/\/diocesanos.es\/blogs\/leotic\/wp-json\/wp\/v2\/comments?post=202"}],"version-history":[{"count":0,"href":"https:\/\/diocesanos.es\/blogs\/leotic\/wp-json\/wp\/v2\/posts\/202\/revisions"}],"wp:attachment":[{"href":"https:\/\/diocesanos.es\/blogs\/leotic\/wp-json\/wp\/v2\/media?parent=202"}],"wp:term":[{"taxonomy":"category","embeddable":true,"href":"https:\/\/diocesanos.es\/blogs\/leotic\/wp-json\/wp\/v2\/categories?post=202"},{"taxonomy":"post_tag","embeddable":true,"href":"https:\/\/diocesanos.es\/blogs\/leotic\/wp-json\/wp\/v2\/tags?post=202"}],"curies":[{"name":"wp","href":"https:\/\/api.w.org\/{rel}","templated":true}]}}