{"id":2015,"date":"2015-06-17T12:00:04","date_gmt":"2015-06-17T10:00:04","guid":{"rendered":"https:\/\/diocesanos.es\/blogs\/leotic\/?p=2015"},"modified":"2015-06-17T11:58:02","modified_gmt":"2015-06-17T09:58:02","slug":"daniel-y-manuel-te-invitan-a-leer","status":"publish","type":"post","link":"https:\/\/diocesanos.es\/blogs\/leotic\/2015\/06\/17\/daniel-y-manuel-te-invitan-a-leer\/","title":{"rendered":"Daniel y Manuel te invitan a leer&#8230;"},"content":{"rendered":"<p style=\"text-align: center\"><a href=\"https:\/\/diocesanos.es\/blogs\/leotic\/wp-content\/uploads\/sites\/17\/2015\/06\/unnamed.jpg\"><img loading=\"lazy\" decoding=\"async\" class=\"alignnone size-medium wp-image-2016\" src=\"https:\/\/diocesanos.es\/blogs\/leotic\/wp-content\/uploads\/sites\/17\/2015\/06\/unnamed-225x300.jpg\" alt=\"unnamed\" width=\"225\" height=\"300\" srcset=\"https:\/\/diocesanos.es\/blogs\/leotic\/wp-content\/uploads\/sites\/17\/2015\/06\/unnamed-225x300.jpg 225w, https:\/\/diocesanos.es\/blogs\/leotic\/wp-content\/uploads\/sites\/17\/2015\/06\/unnamed-172x230.jpg 172w, https:\/\/diocesanos.es\/blogs\/leotic\/wp-content\/uploads\/sites\/17\/2015\/06\/unnamed.jpg 566w\" sizes=\"auto, (max-width: 225px) 100vw, 225px\" \/><\/a> <a href=\"https:\/\/diocesanos.es\/blogs\/leotic\/wp-content\/uploads\/sites\/17\/2015\/06\/unname2d.jpg\"><img loading=\"lazy\" decoding=\"async\" class=\"alignnone  wp-image-2017\" src=\"https:\/\/diocesanos.es\/blogs\/leotic\/wp-content\/uploads\/sites\/17\/2015\/06\/unname2d-207x300.jpg\" alt=\"unname2d\" width=\"142\" height=\"206\" srcset=\"https:\/\/diocesanos.es\/blogs\/leotic\/wp-content\/uploads\/sites\/17\/2015\/06\/unname2d-207x300.jpg 207w, https:\/\/diocesanos.es\/blogs\/leotic\/wp-content\/uploads\/sites\/17\/2015\/06\/unname2d-159x230.jpg 159w, https:\/\/diocesanos.es\/blogs\/leotic\/wp-content\/uploads\/sites\/17\/2015\/06\/unname2d.jpg 521w\" sizes=\"auto, (max-width: 142px) 100vw, 142px\" \/><\/a><\/p>\n<p style=\"text-align: justify\"><strong>Daniel Jim\u00e9nez y Manuel Guerra<\/strong> te invitan a que pases una divertida experiencia leyendo una historia que, seg\u00fan ellos \u00abest\u00e1 llena de fantas\u00eda, aventuras, misterios y diversi\u00f3n\u00bb<\/p>\n<p style=\"text-align: justify\">Tanto Daniel como Manuel tienen 13 a\u00f1os, est\u00e1n en 1\u00ba B de ESO, y han le\u00eddo todos los libros de <a href=\"http:\/\/www.clubgeronimostilton.es\/\">Geronimo Stilton<\/a>.<\/p>\n<p style=\"text-align: justify\">En esta ocasi\u00f3n te recomiendan su \u00faltimo viaje, el Octavo Viaje al Reino de la Fantas\u00eda.<\/p>\n<p style=\"text-align: justify\">Cuando les preguntamos una raz\u00f3n para leer esta historia, ambos dijeron a la vez: \u00abPorque Geronimo es incre\u00edble\u00bb<\/p>\n<p style=\"text-align: justify\">Les pedimos que nos contaran algo de este personaje y este libro y su respuesta fue:<\/p>\n<p style=\"text-align: justify\">\u00abGeronimo trabaja en una Editorial. En una ocasi\u00f3n, el editor le encarga un libro y como no sabe qu\u00e9 hacer ni qu\u00e9 escribir, esto le quita el sue\u00f1o.<\/p>\n<p style=\"text-align: justify\">Decide irse a la playa a relajarse y all\u00ed se queda dormido y es cuando comienza su sue\u00f1o&#8230;.<\/p>\n<p style=\"text-align: justify\">&#8230;En el reino de la Fantas\u00eda le reclama la Reina porque\u00a0 hay un reloj que se adelante. Esto hace que el tiempo pase m\u00e1s r\u00e1pido de lo normal y todo el mundo envejece.<\/p>\n<p style=\"text-align: justify\">Geronimo logra arreglar el reloj, pero ellos no nos han contado c\u00f3mo lo hizo.<\/p>\n<p style=\"text-align: justify\">Quieren que leas su historia y lo descubras tu mismo.<\/p>\n<p style=\"text-align: justify\">\n","protected":false},"excerpt":{"rendered":"<p>Daniel Jim\u00e9nez y Manuel Guerra te invitan a que pases una divertida experiencia leyendo una historia que, seg\u00fan ellos \u00abest\u00e1 llena de fantas\u00eda, aventuras, misterios y diversi\u00f3n\u00bb Tanto Daniel como Manuel tienen 13 a\u00f1os, est\u00e1n en 1\u00ba B de ESO, y han le\u00eddo todos los libros de Geronimo Stilton. En esta ocasi\u00f3n te recomiendan su [&hellip;]<\/p>\n","protected":false},"author":35,"featured_media":0,"comment_status":"closed","ping_status":"closed","sticky":false,"template":"","format":"standard","meta":{"footnotes":""},"categories":[41,36,46],"tags":[8,45,20,26,2],"class_list":["post-2015","post","type-post","status-publish","format-standard","hentry","category-colegio-diocesano","category-lectura","category-recomendacion","tag-colegio-diocesano","tag-educacion","tag-fomento-lectura","tag-leer","tag-secundaria"],"_links":{"self":[{"href":"https:\/\/diocesanos.es\/blogs\/leotic\/wp-json\/wp\/v2\/posts\/2015","targetHints":{"allow":["GET"]}}],"collection":[{"href":"https:\/\/diocesanos.es\/blogs\/leotic\/wp-json\/wp\/v2\/posts"}],"about":[{"href":"https:\/\/diocesanos.es\/blogs\/leotic\/wp-json\/wp\/v2\/types\/post"}],"author":[{"embeddable":true,"href":"https:\/\/diocesanos.es\/blogs\/leotic\/wp-json\/wp\/v2\/users\/35"}],"replies":[{"embeddable":true,"href":"https:\/\/diocesanos.es\/blogs\/leotic\/wp-json\/wp\/v2\/comments?post=2015"}],"version-history":[{"count":0,"href":"https:\/\/diocesanos.es\/blogs\/leotic\/wp-json\/wp\/v2\/posts\/2015\/revisions"}],"wp:attachment":[{"href":"https:\/\/diocesanos.es\/blogs\/leotic\/wp-json\/wp\/v2\/media?parent=2015"}],"wp:term":[{"taxonomy":"category","embeddable":true,"href":"https:\/\/diocesanos.es\/blogs\/leotic\/wp-json\/wp\/v2\/categories?post=2015"},{"taxonomy":"post_tag","embeddable":true,"href":"https:\/\/diocesanos.es\/blogs\/leotic\/wp-json\/wp\/v2\/tags?post=2015"}],"curies":[{"name":"wp","href":"https:\/\/api.w.org\/{rel}","templated":true}]}}