{"id":2009,"date":"2015-06-15T10:18:00","date_gmt":"2015-06-15T08:18:00","guid":{"rendered":"https:\/\/diocesanos.es\/blogs\/leotic\/?p=2009"},"modified":"2015-06-15T10:18:00","modified_gmt":"2015-06-15T08:18:00","slug":"un-renglon-de-nuestra-vida","status":"publish","type":"post","link":"https:\/\/diocesanos.es\/blogs\/leotic\/2015\/06\/15\/un-renglon-de-nuestra-vida\/","title":{"rendered":"Un rengl\u00f3n de nuestra vida"},"content":{"rendered":"<p style=\"text-align: justify\"><a href=\"https:\/\/diocesanos.es\/blogs\/leotic\/wp-content\/uploads\/sites\/17\/2015\/06\/renglon.jpg\"><img loading=\"lazy\" decoding=\"async\" class=\" size-medium wp-image-2010 aligncenter\" src=\"https:\/\/diocesanos.es\/blogs\/leotic\/wp-content\/uploads\/sites\/17\/2015\/06\/renglon-300x240.jpg\" alt=\"renglon\" width=\"300\" height=\"240\" srcset=\"https:\/\/diocesanos.es\/blogs\/leotic\/wp-content\/uploads\/sites\/17\/2015\/06\/renglon-300x240.jpg 300w, https:\/\/diocesanos.es\/blogs\/leotic\/wp-content\/uploads\/sites\/17\/2015\/06\/renglon-288x230.jpg 288w, https:\/\/diocesanos.es\/blogs\/leotic\/wp-content\/uploads\/sites\/17\/2015\/06\/renglon.jpg 400w\" sizes=\"auto, (max-width: 300px) 100vw, 300px\" \/><\/a><\/p>\n<p style=\"text-align: justify\">No podemos dejar pasar la oportunidad de llenar este Blog de Lectura con las mejores recomendaciones de <strong>Relatos Breves<\/strong>, que no son otros que los que han creado nuestros alumnos.<\/p>\n<p style=\"text-align: justify\">En esta ocasi\u00f3n te vamos a presentar el que ha sido ganador del <strong>Primer Premio de la Categor\u00eda de 3\u00ba y 4\u00ba de ESO.<\/strong><\/p>\n<p style=\"text-align: justify\">Su autora es <strong>Irene Cruz P\u00e9rez<\/strong>, alumna de 3\u00ba ESO B, y en su creaci\u00f3n literaria nos cuenta c\u00f3mo es <strong><em>un rengl\u00f3n de nuestra vida.<\/em><\/strong><\/p>\n<p style=\"text-align: justify\">\n<table class=\" aligncenter\" style=\"height: 404px\" width=\"592\">\n<tbody>\n<tr>\n<td>\n<p style=\"text-align: justify\">Es en el amanecer cuando todos intentamos arrancar un rengl\u00f3n al d\u00eda, apoyados en la ilusi\u00f3n y la esperanza que nos da mirar al futuro y encontrar aquello que tanto deseamos para crecer en nuestro d\u00eda a d\u00eda.Tomando como base en nuestras decisiones a nuestra familia y endulzando nuestros sue\u00f1os con los comentarios de nuestros amigos, que con su gracia y desparpajo nos hacen llegar al bienestar de la sonrisa.<\/p>\n<p style=\"text-align: justify\">Dulce rengl\u00f3n que se va transformando en l\u00ednea y p\u00e1rrafo a su vez, engrosado con todos los sucesos del d\u00eda y nosotros sentados en nuestro pupitre, observando y escuchando el disertar de la ilusi\u00f3n evocada por tu persona, con la que todos los d\u00edas nos intentas formar e inducir al vuelo fuera del nido y buscar el camino hacia nuestro futuro, que nosotros lo vemos entre azul oscuro y negro, m\u00e1s t\u00fa nos dices, no.., con el conjunto de vuestras fuerzas y la dedicaci\u00f3n de vuestro coraz\u00f3n seguro que ser\u00e1 mejor.<\/p>\n<p style=\"text-align: justify\">Entonces, me quedo colgada en esas nubes del amanecer y pienso: \u00bfSer\u00e1 verdad que el futuro lo haremos nosotros gracias a nuestra educaci\u00f3n y formaci\u00f3n, y al saber estar de nuestro coraz\u00f3n?<\/p>\n<\/td>\n<\/tr>\n<\/tbody>\n<\/table>\n<p>&nbsp;<\/p>\n","protected":false},"excerpt":{"rendered":"<p>No podemos dejar pasar la oportunidad de llenar este Blog de Lectura con las mejores recomendaciones de Relatos Breves, que no son otros que los que han creado nuestros alumnos. En esta ocasi\u00f3n te vamos a presentar el que ha sido ganador del Primer Premio de la Categor\u00eda de 3\u00ba y 4\u00ba de ESO. Su [&hellip;]<\/p>\n","protected":false},"author":35,"featured_media":0,"comment_status":"closed","ping_status":"closed","sticky":false,"template":"","format":"standard","meta":{"footnotes":""},"categories":[41,39,36,46,40],"tags":[42,8,13,11,45,16,3,12,20,32,35,14,43],"class_list":["post-2009","post","type-post","status-publish","format-standard","hentry","category-colegio-diocesano","category-concurso","category-lectura","category-recomendacion","category-relato-breve","tag-avila","tag-colegio-diocesano","tag-creacion-literaria","tag-creativida","tag-educacion","tag-escribir","tag-escritura","tag-eso","tag-fomento-lectura","tag-lectura","tag-lecturas-imprescindibles","tag-premio","tag-relatos-breves"],"_links":{"self":[{"href":"https:\/\/diocesanos.es\/blogs\/leotic\/wp-json\/wp\/v2\/posts\/2009","targetHints":{"allow":["GET"]}}],"collection":[{"href":"https:\/\/diocesanos.es\/blogs\/leotic\/wp-json\/wp\/v2\/posts"}],"about":[{"href":"https:\/\/diocesanos.es\/blogs\/leotic\/wp-json\/wp\/v2\/types\/post"}],"author":[{"embeddable":true,"href":"https:\/\/diocesanos.es\/blogs\/leotic\/wp-json\/wp\/v2\/users\/35"}],"replies":[{"embeddable":true,"href":"https:\/\/diocesanos.es\/blogs\/leotic\/wp-json\/wp\/v2\/comments?post=2009"}],"version-history":[{"count":0,"href":"https:\/\/diocesanos.es\/blogs\/leotic\/wp-json\/wp\/v2\/posts\/2009\/revisions"}],"wp:attachment":[{"href":"https:\/\/diocesanos.es\/blogs\/leotic\/wp-json\/wp\/v2\/media?parent=2009"}],"wp:term":[{"taxonomy":"category","embeddable":true,"href":"https:\/\/diocesanos.es\/blogs\/leotic\/wp-json\/wp\/v2\/categories?post=2009"},{"taxonomy":"post_tag","embeddable":true,"href":"https:\/\/diocesanos.es\/blogs\/leotic\/wp-json\/wp\/v2\/tags?post=2009"}],"curies":[{"name":"wp","href":"https:\/\/api.w.org\/{rel}","templated":true}]}}