{"id":2005,"date":"2015-06-14T18:52:18","date_gmt":"2015-06-14T16:52:18","guid":{"rendered":"https:\/\/diocesanos.es\/blogs\/leotic\/?p=2005"},"modified":"2015-06-15T09:35:28","modified_gmt":"2015-06-15T07:35:28","slug":"la-naturaleza","status":"publish","type":"post","link":"https:\/\/diocesanos.es\/blogs\/leotic\/2015\/06\/14\/la-naturaleza\/","title":{"rendered":"La Naturaleza"},"content":{"rendered":"<p style=\"text-align: center\"><a href=\"https:\/\/diocesanos.es\/blogs\/leotic\/wp-content\/uploads\/sites\/17\/2015\/06\/naturaleza.jpg\"><img loading=\"lazy\" decoding=\"async\" class=\"alignnone size-full wp-image-2006\" src=\"https:\/\/diocesanos.es\/blogs\/leotic\/wp-content\/uploads\/sites\/17\/2015\/06\/naturaleza.jpg\" alt=\"naturaleza\" width=\"276\" height=\"183\" \/><\/a><\/p>\n<p style=\"text-align: justify\"><em><strong>La Naturaleza<\/strong>\u00a0<\/em>es el Relato Breve que<em>\u00a0<\/em><strong>Miguel Rodr\u00edguez Garc\u00eda<\/strong><strong>,<\/strong> alumna de 2\u00ba de ESO D, present\u00f3 al <strong>Certamen de Relatos Breves <\/strong>organizado por\u00a0el <strong>Departamento de Lengua y\u00a0 Castellana y Literatura<\/strong> del Colegio, que este a\u00f1o ha alcanzado su\u00a0 VII edici\u00f3n.<\/p>\n<p style=\"text-align: justify\">Con esta historia ha conseguido el\u00a0Segundo<strong>\u00a0Premio en la Categor\u00eda de 1\u00ba y 2\u00ba ESO<\/strong>.<\/p>\n<p style=\"text-align: justify\">Ya puedes leerlo y, al hacerlo, sentir la Naturaleza muy cerca de ti:<\/p>\n<table class=\" aligncenter\" style=\"height: 378px\" width=\"686\">\n<tbody>\n<tr>\n<td>\n<p style=\"text-align: justify\">Siento que, al estar contigo donde el r\u00edo transcurre, los p\u00e1jaros cantan, la brisa me roza la cara, me encuentro en total paz y armon\u00eda, pues me siento parte de ti. Aunque no puedas hablar, para m\u00ed lo dices todo, porque tu silencio es mi calma y mi descanso.<\/p>\n<p style=\"text-align: justify\">Eres como un libro repleto de palabras que no me canso de leer, cuando en las ondas de tu sangre transparente en ti me veo reflejado, puedo contemplar mi rostro, y vuelo sin despegar del suelo, desde arriba puedo contemplar la maravilla de tu abundancia en esta gran pelota de color pitufo. Las constelaciones observan con envidia la belleza de tu piel verde como el laurel, porque eres la madre, eres la reina.<\/p>\n<p style=\"text-align: justify\">Oigo un rumor que me dice que te estamos matando, clavando nuestro hogar y quit\u00e1ndote el tuyo, a veces parece que fumas cuando nosotros te damos tabaco y una llama perjudicial que en tus pulmones arrasa, quita el color de tu piel dej\u00e1ndola triste y oscura. Pero nosotros somos esos gl\u00f3bulos de tu sangre para volverla cristalina, somos ese ibuprofeno para aliviarte el dolor de cabeza, somos eso que surge de ti para cambiar tu adentro.<\/p>\n<\/td>\n<\/tr>\n<\/tbody>\n<\/table>\n","protected":false},"excerpt":{"rendered":"<p>La Naturaleza\u00a0es el Relato Breve que\u00a0Miguel Rodr\u00edguez Garc\u00eda, alumna de 2\u00ba de ESO D, present\u00f3 al Certamen de Relatos Breves organizado por\u00a0el Departamento de Lengua y\u00a0 Castellana y Literatura del Colegio, que este a\u00f1o ha alcanzado su\u00a0 VII edici\u00f3n. Con esta historia ha conseguido el\u00a0Segundo\u00a0Premio en la Categor\u00eda de 1\u00ba y 2\u00ba ESO. Ya puedes [&hellip;]<\/p>\n","protected":false},"author":35,"featured_media":0,"comment_status":"closed","ping_status":"closed","sticky":false,"template":"","format":"standard","meta":{"footnotes":""},"categories":[41,39,40],"tags":[8,6,13,45,16,3,12,26,14,43,2],"class_list":["post-2005","post","type-post","status-publish","format-standard","hentry","category-colegio-diocesano","category-concurso","category-relato-breve","tag-colegio-diocesano","tag-concurso","tag-creacion-literaria","tag-educacion","tag-escribir","tag-escritura","tag-eso","tag-leer","tag-premio","tag-relatos-breves","tag-secundaria"],"_links":{"self":[{"href":"https:\/\/diocesanos.es\/blogs\/leotic\/wp-json\/wp\/v2\/posts\/2005","targetHints":{"allow":["GET"]}}],"collection":[{"href":"https:\/\/diocesanos.es\/blogs\/leotic\/wp-json\/wp\/v2\/posts"}],"about":[{"href":"https:\/\/diocesanos.es\/blogs\/leotic\/wp-json\/wp\/v2\/types\/post"}],"author":[{"embeddable":true,"href":"https:\/\/diocesanos.es\/blogs\/leotic\/wp-json\/wp\/v2\/users\/35"}],"replies":[{"embeddable":true,"href":"https:\/\/diocesanos.es\/blogs\/leotic\/wp-json\/wp\/v2\/comments?post=2005"}],"version-history":[{"count":0,"href":"https:\/\/diocesanos.es\/blogs\/leotic\/wp-json\/wp\/v2\/posts\/2005\/revisions"}],"wp:attachment":[{"href":"https:\/\/diocesanos.es\/blogs\/leotic\/wp-json\/wp\/v2\/media?parent=2005"}],"wp:term":[{"taxonomy":"category","embeddable":true,"href":"https:\/\/diocesanos.es\/blogs\/leotic\/wp-json\/wp\/v2\/categories?post=2005"},{"taxonomy":"post_tag","embeddable":true,"href":"https:\/\/diocesanos.es\/blogs\/leotic\/wp-json\/wp\/v2\/tags?post=2005"}],"curies":[{"name":"wp","href":"https:\/\/api.w.org\/{rel}","templated":true}]}}