{"id":1995,"date":"2015-06-12T13:30:16","date_gmt":"2015-06-12T11:30:16","guid":{"rendered":"https:\/\/diocesanos.es\/blogs\/leotic\/?p=1995"},"modified":"2015-06-12T14:59:39","modified_gmt":"2015-06-12T12:59:39","slug":"hoy-javier-nos-recominda","status":"publish","type":"post","link":"https:\/\/diocesanos.es\/blogs\/leotic\/2015\/06\/12\/hoy-javier-nos-recominda\/","title":{"rendered":"Hoy Javier nos recomienda&#8230;."},"content":{"rendered":"<p style=\"text-align: center\"><a href=\"https:\/\/diocesanos.es\/blogs\/leotic\/wp-content\/uploads\/sites\/17\/2015\/06\/javier.jpg\"><img loading=\"lazy\" decoding=\"async\" class=\"alignnone size-medium wp-image-1998\" src=\"https:\/\/diocesanos.es\/blogs\/leotic\/wp-content\/uploads\/sites\/17\/2015\/06\/javier-300x300.jpg\" alt=\"javier\" width=\"300\" height=\"300\" srcset=\"https:\/\/diocesanos.es\/blogs\/leotic\/wp-content\/uploads\/sites\/17\/2015\/06\/javier-300x300.jpg 300w, https:\/\/diocesanos.es\/blogs\/leotic\/wp-content\/uploads\/sites\/17\/2015\/06\/javier-150x150.jpg 150w, https:\/\/diocesanos.es\/blogs\/leotic\/wp-content\/uploads\/sites\/17\/2015\/06\/javier-230x230.jpg 230w, https:\/\/diocesanos.es\/blogs\/leotic\/wp-content\/uploads\/sites\/17\/2015\/06\/javier.jpg 404w\" sizes=\"auto, (max-width: 300px) 100vw, 300px\" \/><\/a><\/p>\n<p style=\"text-align: justify\"><strong>Javier Camarero Garc\u00eda<\/strong> es un alumno de 1\u00ba B ESO a quien, adem\u00e1s de leer, le gusta que \u00a0tambi\u00e9n tu disfrutes de las lecturas que m\u00e1s le han gustado.<\/p>\n<p style=\"text-align: justify\">Por eso hoy nos ha presentado dos libros que <strong>te recomienda<\/strong> para que leas este verano. De cada uno de estos libros nos ha hecho un resumen y nos ofrece su opini\u00f3n personal, con el fin de que tengas m\u00e1s criterios para animarte a leerlos.<\/p>\n<p style=\"text-align: justify\">Transcribimos lo que Javier nos ha dejado para ti:<\/p>\n<table style=\"height: 26px\" width=\"44\">\n<tbody>\n<tr>\n<td>\n<table class=\" aligncenter\" style=\"height: 373px\" width=\"734\">\n<tbody>\n<tr>\n<td><strong>PABLO, NO SEAS DIABLO<\/strong><\/p>\n<p>Pablo es un ni\u00f1o muy malo hasta que un d\u00eda naci\u00f3 su hermano Roberto, el t\u00edpico ni\u00f1o \u00abmimado\u00bb que se lleva toda la atenci\u00f3n de su familia.<\/p>\n<p>Como a Pablo no le hacen ni caso, decide desahcerse de \u00e9l una y otra vez, pero no lo consigue.<\/p>\n<p>Un d\u00eda que fueron al parque. A Roberto le empez\u00f3 a ladrar un perro y, como en realidad quer\u00eda a su hermano, espant\u00f3 al perro. Su madres le recompens\u00f3 y Pablo no volvi\u00f3 a hacer m\u00e1s trastadas<\/p>\n<p><strong>Opini\u00f3n personal:<\/strong><\/p>\n<p>Es muy divertido, sobre todo cuando se le ocurren mil y una trastadas para deshacerse de su hermano.<\/p>\n<p style=\"text-align: left\">Y es muy humano cuando nos demuestra que, a pesar de estar enfadado y rabioso, quiere a su hermano m\u00e1s que a nadie.<\/p>\n<\/td>\n<\/tr>\n<\/tbody>\n<\/table>\n<\/td>\n<\/tr>\n<\/tbody>\n<\/table>\n<p>&nbsp;<\/p>\n<table class=\" aligncenter\" style=\"height: 280px\" width=\"730\">\n<tbody>\n<tr>\n<td><strong>EL DOMADOR DE MONSTRUOS<\/strong><\/p>\n<p style=\"text-align: justify\">Sergio es un ni\u00f1o al que le dan miedo los monstruos que aparecen cada noche en su habitaci\u00f3n.<\/p>\n<p style=\"text-align: justify\">Encuentra la manera de asustarlos, inventando un monstruo m\u00e1s feo que el anterior para ir espant\u00e1ndoles, hasta que, junt\u00e1ndolos a todos \u00a0termin\u00f3 durmi\u00e9ndose y so\u00f1ando con monstruos graciosos y divertidos en lugar de monstruos horrorosos y horrendos.<\/p>\n<p style=\"text-align: justify;padding-left: 30px\"><strong>Opini\u00f3n personal<\/strong><\/p>\n<p style=\"text-align: justify\">Es un libro muy divertido en el que el protagonista va inventando un monstruo todav\u00eda mejor que el anterior para ahullentar sus miedos.<\/p>\n<\/td>\n<\/tr>\n<\/tbody>\n<\/table>\n","protected":false},"excerpt":{"rendered":"<p>Javier Camarero Garc\u00eda es un alumno de 1\u00ba B ESO a quien, adem\u00e1s de leer, le gusta que \u00a0tambi\u00e9n tu disfrutes de las lecturas que m\u00e1s le han gustado. Por eso hoy nos ha presentado dos libros que te recomienda para que leas este verano. De cada uno de estos libros nos ha hecho un [&hellip;]<\/p>\n","protected":false},"author":35,"featured_media":0,"comment_status":"closed","ping_status":"closed","sticky":false,"template":"","format":"standard","meta":{"footnotes":""},"categories":[41,36,46],"tags":[8,45,12,20,32,22],"class_list":["post-1995","post","type-post","status-publish","format-standard","hentry","category-colegio-diocesano","category-lectura","category-recomendacion","tag-colegio-diocesano","tag-educacion","tag-eso","tag-fomento-lectura","tag-lectura","tag-literatura"],"_links":{"self":[{"href":"https:\/\/diocesanos.es\/blogs\/leotic\/wp-json\/wp\/v2\/posts\/1995","targetHints":{"allow":["GET"]}}],"collection":[{"href":"https:\/\/diocesanos.es\/blogs\/leotic\/wp-json\/wp\/v2\/posts"}],"about":[{"href":"https:\/\/diocesanos.es\/blogs\/leotic\/wp-json\/wp\/v2\/types\/post"}],"author":[{"embeddable":true,"href":"https:\/\/diocesanos.es\/blogs\/leotic\/wp-json\/wp\/v2\/users\/35"}],"replies":[{"embeddable":true,"href":"https:\/\/diocesanos.es\/blogs\/leotic\/wp-json\/wp\/v2\/comments?post=1995"}],"version-history":[{"count":0,"href":"https:\/\/diocesanos.es\/blogs\/leotic\/wp-json\/wp\/v2\/posts\/1995\/revisions"}],"wp:attachment":[{"href":"https:\/\/diocesanos.es\/blogs\/leotic\/wp-json\/wp\/v2\/media?parent=1995"}],"wp:term":[{"taxonomy":"category","embeddable":true,"href":"https:\/\/diocesanos.es\/blogs\/leotic\/wp-json\/wp\/v2\/categories?post=1995"},{"taxonomy":"post_tag","embeddable":true,"href":"https:\/\/diocesanos.es\/blogs\/leotic\/wp-json\/wp\/v2\/tags?post=1995"}],"curies":[{"name":"wp","href":"https:\/\/api.w.org\/{rel}","templated":true}]}}