{"id":1984,"date":"2015-06-10T17:36:25","date_gmt":"2015-06-10T15:36:25","guid":{"rendered":"https:\/\/diocesanos.es\/blogs\/leotic\/?p=1984"},"modified":"2015-06-10T17:56:38","modified_gmt":"2015-06-10T15:56:38","slug":"cuchillo-y-herida","status":"publish","type":"post","link":"https:\/\/diocesanos.es\/blogs\/leotic\/2015\/06\/10\/cuchillo-y-herida\/","title":{"rendered":"Cuchillo y Herida"},"content":{"rendered":"<p style=\"text-align: center\"><a href=\"https:\/\/diocesanos.es\/blogs\/leotic\/wp-content\/uploads\/sites\/17\/2015\/06\/que-paso-tiempo-no-lo-curabas-todo-20120801233044-07891511175730971.jpg\"><img loading=\"lazy\" decoding=\"async\" class=\"alignnone size-medium wp-image-1989\" src=\"https:\/\/diocesanos.es\/blogs\/leotic\/wp-content\/uploads\/sites\/17\/2015\/06\/que-paso-tiempo-no-lo-curabas-todo-20120801233044-07891511175730971-300x162.jpg\" alt=\"que-paso-tiempo-no-lo-curabas-todo-20120801233044-0789151117573097\" width=\"300\" height=\"162\" srcset=\"https:\/\/diocesanos.es\/blogs\/leotic\/wp-content\/uploads\/sites\/17\/2015\/06\/que-paso-tiempo-no-lo-curabas-todo-20120801233044-07891511175730971-300x162.jpg 300w, https:\/\/diocesanos.es\/blogs\/leotic\/wp-content\/uploads\/sites\/17\/2015\/06\/que-paso-tiempo-no-lo-curabas-todo-20120801233044-07891511175730971-426x230.jpg 426w, https:\/\/diocesanos.es\/blogs\/leotic\/wp-content\/uploads\/sites\/17\/2015\/06\/que-paso-tiempo-no-lo-curabas-todo-20120801233044-07891511175730971.jpg 600w\" sizes=\"auto, (max-width: 300px) 100vw, 300px\" \/><\/a><\/p>\n<p style=\"text-align: justify\"><em><strong>Cuchillo y Herida<\/strong> <\/em>es el t\u00edtulo de la obra que present\u00f3 <strong>Claudia Piedelobo Vaquero,<\/strong> alumna de 2\u00ba de ESO, al <strong>Certamen de Relatos Breves <\/strong>que cada a\u00f1o organiza el Departamento de Lengua y\u00a0 Castellana y Literatura del Colegio, y que este a\u00f1o ha alcanzado su\u00a0 VII edici\u00f3n.<\/p>\n<p style=\"text-align: justify\">Con esta historia ha sido merecedora del <strong>Primer Premio en la Categor\u00eda de 1\u00ba y 2\u00ba ESO<\/strong>.<\/p>\n<p style=\"text-align: justify\">La compartimos contigo para que compruebes, tras su lectura, c\u00f3mo Claudia ha merecido este galard\u00f3n por su fant\u00e1stica creaci\u00f3n.<\/p>\n<p style=\"text-align: center\">\u00a1Enhorabuena Claudia!<\/p>\n<table style=\"height: 295px;border-color: #000000;background-color: #c9c1c1\" width=\"741\">\n<tbody>\n<tr>\n<td style=\"text-align: center\">\n<p style=\"text-align: justify\">\u00abEstaba loca, loca de remate, ten\u00eda un brillo que la hac\u00eda especial. Con el tiempo aprend\u00ed que no era brillo lo que ten\u00eda, lo que ten\u00eda eran l\u00e1grimas que por miedo o verg\u00fcenza se quedaron ah\u00ed.<\/p>\n<p style=\"text-align: justify\">Ten\u00eda una cara tan expresiva, que con solo mirarla pod\u00edas ver que estaba rota, como el cristal de una ventana hecha a\u00f1icos por la fuerza del viento. El tiempo volaba tan fuerte que sin que se diera cuenta la iba desgastando como la suela de una zapatilla vieja. Sol\u00eda quedarse sentada en su cuarto mirando por la ventana viendo como pasaba el tiempo, salvaguard\u00e1ndose en su manta porque as\u00ed se sent\u00eda segura, ten\u00eda tanto miedo a que la rompieran el coraz\u00f3n que al final se lo acab\u00f3 rompiendo ella misma, que iron\u00eda, ella era cuchillo y tambi\u00e9n herida.\u00bb<\/p>\n<\/td>\n<\/tr>\n<\/tbody>\n<\/table>\n","protected":false},"excerpt":{"rendered":"<p>Cuchillo y Herida es el t\u00edtulo de la obra que present\u00f3 Claudia Piedelobo Vaquero, alumna de 2\u00ba de ESO, al Certamen de Relatos Breves que cada a\u00f1o organiza el Departamento de Lengua y\u00a0 Castellana y Literatura del Colegio, y que este a\u00f1o ha alcanzado su\u00a0 VII edici\u00f3n. Con esta historia ha sido merecedora del Primer [&hellip;]<\/p>\n","protected":false},"author":35,"featured_media":0,"comment_status":"closed","ping_status":"closed","sticky":false,"template":"","format":"standard","meta":{"footnotes":""},"categories":[41,39,40],"tags":[42,8,6,13,45,44,14,43],"class_list":["post-1984","post","type-post","status-publish","format-standard","hentry","category-colegio-diocesano","category-concurso","category-relato-breve","tag-avila","tag-colegio-diocesano","tag-concurso","tag-creacion-literaria","tag-educacion","tag-lengua-y-literatura","tag-premio","tag-relatos-breves"],"_links":{"self":[{"href":"https:\/\/diocesanos.es\/blogs\/leotic\/wp-json\/wp\/v2\/posts\/1984","targetHints":{"allow":["GET"]}}],"collection":[{"href":"https:\/\/diocesanos.es\/blogs\/leotic\/wp-json\/wp\/v2\/posts"}],"about":[{"href":"https:\/\/diocesanos.es\/blogs\/leotic\/wp-json\/wp\/v2\/types\/post"}],"author":[{"embeddable":true,"href":"https:\/\/diocesanos.es\/blogs\/leotic\/wp-json\/wp\/v2\/users\/35"}],"replies":[{"embeddable":true,"href":"https:\/\/diocesanos.es\/blogs\/leotic\/wp-json\/wp\/v2\/comments?post=1984"}],"version-history":[{"count":0,"href":"https:\/\/diocesanos.es\/blogs\/leotic\/wp-json\/wp\/v2\/posts\/1984\/revisions"}],"wp:attachment":[{"href":"https:\/\/diocesanos.es\/blogs\/leotic\/wp-json\/wp\/v2\/media?parent=1984"}],"wp:term":[{"taxonomy":"category","embeddable":true,"href":"https:\/\/diocesanos.es\/blogs\/leotic\/wp-json\/wp\/v2\/categories?post=1984"},{"taxonomy":"post_tag","embeddable":true,"href":"https:\/\/diocesanos.es\/blogs\/leotic\/wp-json\/wp\/v2\/tags?post=1984"}],"curies":[{"name":"wp","href":"https:\/\/api.w.org\/{rel}","templated":true}]}}