{"id":195,"date":"2013-12-18T11:47:46","date_gmt":"2013-12-18T10:47:46","guid":{"rendered":"https:\/\/diocesanos.es\/blogs\/leotic\/?p=195"},"modified":"2015-02-24T11:54:18","modified_gmt":"2015-02-24T10:54:18","slug":"una-ciudad-sin-violencia","status":"publish","type":"post","link":"https:\/\/diocesanos.es\/blogs\/leotic\/2013\/12\/18\/una-ciudad-sin-violencia\/","title":{"rendered":"Una ciudad sin violencia"},"content":{"rendered":"<p style=\"text-align: center\"><a href=\"https:\/\/diocesanos.es\/blogs\/leotic\/wp-content\/uploads\/sites\/17\/2015\/02\/paz.gif\"><img loading=\"lazy\" decoding=\"async\" class=\"alignnone size-full wp-image-199\" src=\"https:\/\/diocesanos.es\/blogs\/leotic\/wp-content\/uploads\/sites\/17\/2015\/02\/paz.gif\" alt=\"paz\" width=\"225\" height=\"225\" \/><\/a><\/p>\n<p style=\"text-align: justify\"><strong>Andrea<\/strong> Sanz Jim\u00e9nez, alumna de 4.\u00ba ESO, ha obtenido el <strong>PRIMER PREMIO<\/strong> en su categor\u00eda, en la d\u00e9cima edici\u00f3n del Concurso de Redacci\u00f3n \u201cUna ciudad sin violencia\u201d, organizado por la <a href=\"http:\/\/www.fundacionvt.org\/\">Fundaci\u00f3n V\u00edctimas del Terrorismo.<\/a><\/p>\n<p style=\"text-align: justify\">El trabajo realizado se centra en aspectos relacionados con los fines de la propia Fundaci\u00f3n, en especial con la divulgaci\u00f3n de valores democr\u00e1ticos, la defensa de los derechos humanos, la pluralidad y la libertad de los ciudadanos, as\u00ed como el fomento de una mejor comprensi\u00f3n de la situaci\u00f3n del colectivo de v\u00edctimas del terrorismo.<\/p>\n<p style=\"text-align: justify\">La entrega de premios tuvo lugar el pasado lunes en el Palacio Zurbano de Madrid. Acompa\u00f1aron a Andrea su familia, dos compa\u00f1eras, Mar\u00eda Rodr\u00edguez Garc\u00eda y Marina Sanz Moreno, que tambi\u00e9n se presentaron al concurso y la profesora de Lengua D\u00aa. Ana Bel\u00e9n Mart\u00edn Mart\u00edn.<\/p>\n<p style=\"text-align: justify\">\u00a1\u00a1Enhorabuena Andrea!!<\/p>\n<p style=\"text-align: justify\"><a href=\"https:\/\/diocesanos.es\/blogs\/leotic\/wp-content\/uploads\/sites\/17\/2015\/02\/ciudad_violencia.jpg\"><img loading=\"lazy\" decoding=\"async\" class=\"alignnone size-medium wp-image-196\" src=\"https:\/\/diocesanos.es\/blogs\/leotic\/wp-content\/uploads\/sites\/17\/2015\/02\/ciudad_violencia-300x169.jpg\" alt=\"ciudad_violencia\" width=\"300\" height=\"169\" srcset=\"https:\/\/diocesanos.es\/blogs\/leotic\/wp-content\/uploads\/sites\/17\/2015\/02\/ciudad_violencia-300x169.jpg 300w, https:\/\/diocesanos.es\/blogs\/leotic\/wp-content\/uploads\/sites\/17\/2015\/02\/ciudad_violencia-409x230.jpg 409w, https:\/\/diocesanos.es\/blogs\/leotic\/wp-content\/uploads\/sites\/17\/2015\/02\/ciudad_violencia.jpg 800w\" sizes=\"auto, (max-width: 300px) 100vw, 300px\" \/><\/a> <a href=\"https:\/\/diocesanos.es\/blogs\/leotic\/wp-content\/uploads\/sites\/17\/2015\/02\/ciudad_violencia_2.jpg\"><img loading=\"lazy\" decoding=\"async\" class=\"alignnone size-medium wp-image-197\" src=\"https:\/\/diocesanos.es\/blogs\/leotic\/wp-content\/uploads\/sites\/17\/2015\/02\/ciudad_violencia_2-169x300.jpg\" alt=\"ciudad_violencia_2\" width=\"169\" height=\"300\" srcset=\"https:\/\/diocesanos.es\/blogs\/leotic\/wp-content\/uploads\/sites\/17\/2015\/02\/ciudad_violencia_2-169x300.jpg 169w, https:\/\/diocesanos.es\/blogs\/leotic\/wp-content\/uploads\/sites\/17\/2015\/02\/ciudad_violencia_2-129x230.jpg 129w, https:\/\/diocesanos.es\/blogs\/leotic\/wp-content\/uploads\/sites\/17\/2015\/02\/ciudad_violencia_2.jpg 450w\" sizes=\"auto, (max-width: 169px) 100vw, 169px\" \/><\/a> <a href=\"https:\/\/diocesanos.es\/blogs\/leotic\/wp-content\/uploads\/sites\/17\/2015\/02\/ciudad_violencia_3.jpg\"><img loading=\"lazy\" decoding=\"async\" class=\"alignnone size-medium wp-image-198\" src=\"https:\/\/diocesanos.es\/blogs\/leotic\/wp-content\/uploads\/sites\/17\/2015\/02\/ciudad_violencia_3-300x169.jpg\" alt=\"ciudad_violencia_3\" width=\"300\" height=\"169\" srcset=\"https:\/\/diocesanos.es\/blogs\/leotic\/wp-content\/uploads\/sites\/17\/2015\/02\/ciudad_violencia_3-300x169.jpg 300w, https:\/\/diocesanos.es\/blogs\/leotic\/wp-content\/uploads\/sites\/17\/2015\/02\/ciudad_violencia_3-409x230.jpg 409w, https:\/\/diocesanos.es\/blogs\/leotic\/wp-content\/uploads\/sites\/17\/2015\/02\/ciudad_violencia_3.jpg 960w\" sizes=\"auto, (max-width: 300px) 100vw, 300px\" \/><\/a><\/p>\n","protected":false},"excerpt":{"rendered":"<p>Andrea Sanz Jim\u00e9nez, alumna de 4.\u00ba ESO, ha obtenido el PRIMER PREMIO en su categor\u00eda, en la d\u00e9cima edici\u00f3n del Concurso de Redacci\u00f3n \u201cUna ciudad sin violencia\u201d, organizado por la Fundaci\u00f3n V\u00edctimas del Terrorismo. El trabajo realizado se centra en aspectos relacionados con los fines de la propia Fundaci\u00f3n, en especial con la divulgaci\u00f3n de [&hellip;]<\/p>\n","protected":false},"author":35,"featured_media":0,"comment_status":"closed","ping_status":"closed","sticky":false,"template":"","format":"standard","meta":{"footnotes":""},"categories":[1],"tags":[8,6,13,4,3,22,14,2],"class_list":["post-195","post","type-post","status-publish","format-standard","hentry","category-sin-categoria","tag-colegio-diocesano","tag-concurso","tag-creacion-literaria","tag-creatividad","tag-escritura","tag-literatura","tag-premio","tag-secundaria"],"_links":{"self":[{"href":"https:\/\/diocesanos.es\/blogs\/leotic\/wp-json\/wp\/v2\/posts\/195","targetHints":{"allow":["GET"]}}],"collection":[{"href":"https:\/\/diocesanos.es\/blogs\/leotic\/wp-json\/wp\/v2\/posts"}],"about":[{"href":"https:\/\/diocesanos.es\/blogs\/leotic\/wp-json\/wp\/v2\/types\/post"}],"author":[{"embeddable":true,"href":"https:\/\/diocesanos.es\/blogs\/leotic\/wp-json\/wp\/v2\/users\/35"}],"replies":[{"embeddable":true,"href":"https:\/\/diocesanos.es\/blogs\/leotic\/wp-json\/wp\/v2\/comments?post=195"}],"version-history":[{"count":0,"href":"https:\/\/diocesanos.es\/blogs\/leotic\/wp-json\/wp\/v2\/posts\/195\/revisions"}],"wp:attachment":[{"href":"https:\/\/diocesanos.es\/blogs\/leotic\/wp-json\/wp\/v2\/media?parent=195"}],"wp:term":[{"taxonomy":"category","embeddable":true,"href":"https:\/\/diocesanos.es\/blogs\/leotic\/wp-json\/wp\/v2\/categories?post=195"},{"taxonomy":"post_tag","embeddable":true,"href":"https:\/\/diocesanos.es\/blogs\/leotic\/wp-json\/wp\/v2\/tags?post=195"}],"curies":[{"name":"wp","href":"https:\/\/api.w.org\/{rel}","templated":true}]}}