{"id":192,"date":"2014-02-22T11:40:31","date_gmt":"2014-02-22T10:40:31","guid":{"rendered":"https:\/\/diocesanos.es\/blogs\/leotic\/?p=192"},"modified":"2015-02-24T11:45:31","modified_gmt":"2015-02-24T10:45:31","slug":"viernes-de-teatro","status":"publish","type":"post","link":"https:\/\/diocesanos.es\/blogs\/leotic\/2014\/02\/22\/viernes-de-teatro\/","title":{"rendered":"Viernes de Teatro"},"content":{"rendered":"<div class=\"texto\">\n<p style=\"text-align: center\"><a href=\"https:\/\/diocesanos.es\/blogs\/leotic\/wp-content\/uploads\/sites\/17\/2015\/02\/lorca.jpg\"><img loading=\"lazy\" decoding=\"async\" class=\"alignnone size-medium wp-image-193\" src=\"https:\/\/diocesanos.es\/blogs\/leotic\/wp-content\/uploads\/sites\/17\/2015\/02\/lorca-224x300.jpg\" alt=\"lorca\" width=\"224\" height=\"300\" srcset=\"https:\/\/diocesanos.es\/blogs\/leotic\/wp-content\/uploads\/sites\/17\/2015\/02\/lorca-224x300.jpg 224w, https:\/\/diocesanos.es\/blogs\/leotic\/wp-content\/uploads\/sites\/17\/2015\/02\/lorca-172x230.jpg 172w, https:\/\/diocesanos.es\/blogs\/leotic\/wp-content\/uploads\/sites\/17\/2015\/02\/lorca.jpg 765w\" sizes=\"auto, (max-width: 224px) 100vw, 224px\" \/><\/a><\/p>\n<p style=\"text-align: justify\">El viernes de esta semana, <strong>160 alumnos del colegio de 4.\u00ba de ESO y de 2.\u00ba de Bachillerato<\/strong> han asistido en el <a href=\"http:\/\/www.avila.es\/ayuntamiento\/directorio-instalaciones-servicios\/275-Auditorio-Municipal-de-San-Francisco\"><strong>Auditorio San Francisco<\/strong><\/a> de nuestra capital a la <strong>representaci\u00f3n teatral de <em>La casa de Bernarda Alba<\/em>,<\/strong> considerada como obra cumbre del teatro de Federico Garc\u00eda Lorca, y una de las m\u00e1s importantes del siglo XX espa\u00f1ol.<\/p>\n<p style=\"text-align: justify\"><strong>Los que hemos asistido a la representaci\u00f3n hemos disfrutado de una agradable ma\u00f1ana de teatro.<\/strong> Esperamos que las pr\u00f3ximas obras programadas (<em>La Celestina<\/em>, el d\u00eda 7 de abril, para alumnos de 3\u00ba de ESO y de 1\u00ba de Bachillerato; y la adaptaci\u00f3n de <em>20.000 leguas de viaje submarino<\/em>, de Julio Verne, el d\u00eda 11 de abril para alumnos de 1\u00ba y 2\u00ba de ESO) tambi\u00e9n sean de su agrado.<\/p>\n<\/div>\n<div style=\"text-align: justify\">Cuatro actrices han puesto sobre las tablas los conflictos planteados en la obra en torno al amor o a la tir\u00e1nica autoridad de Bernarda, la protagonista, que impone a sus hijas un exagerado luto de ocho a\u00f1os, oblig\u00e1ndolas a permanecer en el espacio cerrado y agobiante de la casa, que amplifica la situaci\u00f3n que viven las j\u00f3venes.<\/div>\n","protected":false},"excerpt":{"rendered":"<p>El viernes de esta semana, 160 alumnos del colegio de 4.\u00ba de ESO y de 2.\u00ba de Bachillerato han asistido en el Auditorio San Francisco de nuestra capital a la representaci\u00f3n teatral de La casa de Bernarda Alba, considerada como obra cumbre del teatro de Federico Garc\u00eda Lorca, y una de las m\u00e1s importantes del [&hellip;]<\/p>\n","protected":false},"author":35,"featured_media":0,"comment_status":"closed","ping_status":"closed","sticky":false,"template":"","format":"standard","meta":{"footnotes":""},"categories":[1],"tags":[5,8,12,2,21],"class_list":["post-192","post","type-post","status-publish","format-standard","hentry","category-sin-categoria","tag-bachillerato","tag-colegio-diocesano","tag-eso","tag-secundaria","tag-teatro"],"_links":{"self":[{"href":"https:\/\/diocesanos.es\/blogs\/leotic\/wp-json\/wp\/v2\/posts\/192","targetHints":{"allow":["GET"]}}],"collection":[{"href":"https:\/\/diocesanos.es\/blogs\/leotic\/wp-json\/wp\/v2\/posts"}],"about":[{"href":"https:\/\/diocesanos.es\/blogs\/leotic\/wp-json\/wp\/v2\/types\/post"}],"author":[{"embeddable":true,"href":"https:\/\/diocesanos.es\/blogs\/leotic\/wp-json\/wp\/v2\/users\/35"}],"replies":[{"embeddable":true,"href":"https:\/\/diocesanos.es\/blogs\/leotic\/wp-json\/wp\/v2\/comments?post=192"}],"version-history":[{"count":0,"href":"https:\/\/diocesanos.es\/blogs\/leotic\/wp-json\/wp\/v2\/posts\/192\/revisions"}],"wp:attachment":[{"href":"https:\/\/diocesanos.es\/blogs\/leotic\/wp-json\/wp\/v2\/media?parent=192"}],"wp:term":[{"taxonomy":"category","embeddable":true,"href":"https:\/\/diocesanos.es\/blogs\/leotic\/wp-json\/wp\/v2\/categories?post=192"},{"taxonomy":"post_tag","embeddable":true,"href":"https:\/\/diocesanos.es\/blogs\/leotic\/wp-json\/wp\/v2\/tags?post=192"}],"curies":[{"name":"wp","href":"https:\/\/api.w.org\/{rel}","templated":true}]}}