{"id":189,"date":"2014-04-10T14:36:22","date_gmt":"2014-04-10T12:36:22","guid":{"rendered":"https:\/\/diocesanos.es\/blogs\/leotic\/?p=189"},"modified":"2015-02-24T11:40:27","modified_gmt":"2015-02-24T10:40:27","slug":"volvemos-al-teatro","status":"publish","type":"post","link":"https:\/\/diocesanos.es\/blogs\/leotic\/2014\/04\/10\/volvemos-al-teatro\/","title":{"rendered":"Volvemos al teatro"},"content":{"rendered":"<p style=\"text-align: center\"><a href=\"https:\/\/diocesanos.es\/blogs\/leotic\/wp-content\/uploads\/sites\/17\/2015\/02\/teatro.jpg\"><img loading=\"lazy\" decoding=\"async\" class=\"alignnone size-medium wp-image-190\" src=\"https:\/\/diocesanos.es\/blogs\/leotic\/wp-content\/uploads\/sites\/17\/2015\/02\/teatro-250x300.jpg\" alt=\"teatro\" width=\"250\" height=\"300\" srcset=\"https:\/\/diocesanos.es\/blogs\/leotic\/wp-content\/uploads\/sites\/17\/2015\/02\/teatro-250x300.jpg 250w, https:\/\/diocesanos.es\/blogs\/leotic\/wp-content\/uploads\/sites\/17\/2015\/02\/teatro-192x230.jpg 192w, https:\/\/diocesanos.es\/blogs\/leotic\/wp-content\/uploads\/sites\/17\/2015\/02\/teatro.jpg 853w\" sizes=\"auto, (max-width: 250px) 100vw, 250px\" \/><\/a><\/p>\n<p style=\"text-align: justify\">El pasado lunes, 150 alumnos de 3.\u00ba de ESO y de 1.\u00ba de Bachillerato hemos tenido la ocasi\u00f3n de asistir a la representaci\u00f3n de la adaptaci\u00f3n de una de las obras m\u00e1s importante de nuestra literatura:<\/p>\n<p style=\"text-align: justify;padding-left: 30px\"><strong>La Celestina, de Fernando de Rojas.<\/strong><\/p>\n<p style=\"text-align: justify\">La obra, que apareci\u00f3 publicada en 1499, constituy\u00f3 un gran \u00e9xito desde ese momento, y convirti\u00f3 a su protagonista en uno de los personajes m\u00e1s conocidos de la literatura universal.<\/p>\n<p style=\"text-align: justify\">Estamos muy satisfechos de haber adquirido un conocimiento m\u00e1s directo del patrimonio teatral espa\u00f1ol.<\/p>\n<p style=\"text-align: justify\">Esperamos que nuestros compa\u00f1eros de 1.\u00ba y 2.\u00ba de ESO disfruten hoy jueves de la adaptaci\u00f3n teatral de 20.000 leguas de viaje submarino, de Julio Verne.<\/p>\n","protected":false},"excerpt":{"rendered":"<p>El pasado lunes, 150 alumnos de 3.\u00ba de ESO y de 1.\u00ba de Bachillerato hemos tenido la ocasi\u00f3n de asistir a la representaci\u00f3n de la adaptaci\u00f3n de una de las obras m\u00e1s importante de nuestra literatura: La Celestina, de Fernando de Rojas. La obra, que apareci\u00f3 publicada en 1499, constituy\u00f3 un gran \u00e9xito desde ese [&hellip;]<\/p>\n","protected":false},"author":35,"featured_media":0,"comment_status":"closed","ping_status":"closed","sticky":false,"template":"","format":"standard","meta":{"footnotes":""},"categories":[1],"tags":[5,23,8,22,2,21],"class_list":["post-189","post","type-post","status-publish","format-standard","hentry","category-sin-categoria","tag-bachillerato","tag-clasicos-literarios","tag-colegio-diocesano","tag-literatura","tag-secundaria","tag-teatro"],"_links":{"self":[{"href":"https:\/\/diocesanos.es\/blogs\/leotic\/wp-json\/wp\/v2\/posts\/189","targetHints":{"allow":["GET"]}}],"collection":[{"href":"https:\/\/diocesanos.es\/blogs\/leotic\/wp-json\/wp\/v2\/posts"}],"about":[{"href":"https:\/\/diocesanos.es\/blogs\/leotic\/wp-json\/wp\/v2\/types\/post"}],"author":[{"embeddable":true,"href":"https:\/\/diocesanos.es\/blogs\/leotic\/wp-json\/wp\/v2\/users\/35"}],"replies":[{"embeddable":true,"href":"https:\/\/diocesanos.es\/blogs\/leotic\/wp-json\/wp\/v2\/comments?post=189"}],"version-history":[{"count":0,"href":"https:\/\/diocesanos.es\/blogs\/leotic\/wp-json\/wp\/v2\/posts\/189\/revisions"}],"wp:attachment":[{"href":"https:\/\/diocesanos.es\/blogs\/leotic\/wp-json\/wp\/v2\/media?parent=189"}],"wp:term":[{"taxonomy":"category","embeddable":true,"href":"https:\/\/diocesanos.es\/blogs\/leotic\/wp-json\/wp\/v2\/categories?post=189"},{"taxonomy":"post_tag","embeddable":true,"href":"https:\/\/diocesanos.es\/blogs\/leotic\/wp-json\/wp\/v2\/tags?post=189"}],"curies":[{"name":"wp","href":"https:\/\/api.w.org\/{rel}","templated":true}]}}