{"id":173,"date":"2014-06-10T11:11:40","date_gmt":"2014-06-10T09:11:40","guid":{"rendered":"https:\/\/diocesanos.es\/blogs\/leotic\/?p=173"},"modified":"2015-02-24T11:17:46","modified_gmt":"2015-02-24T10:17:46","slug":"que-buena-excursion","status":"publish","type":"post","link":"https:\/\/diocesanos.es\/blogs\/leotic\/2014\/06\/10\/que-buena-excursion\/","title":{"rendered":"\u00a1Qu\u00e9 buena excursi\u00f3n!"},"content":{"rendered":"<p style=\"text-align: justify\">Los alumnos de 1\u00ba de ESO, acompa\u00f1ados por nuestras profesoras de lengua, hemos visitado la <strong><a href=\"http:\/\/www.bibliotecas.jcyl.es\/web\/jcyl\/BibliotecaAvila\/es\/Plantilla66y33\/1284347540032\/_\/_\/_\">Biblioteca P\u00fablica de \u00c1vila<\/a>.<\/strong><\/p>\n<p style=\"text-align: justify\">En primer lugar, nos han ense\u00f1ado las instalaciones con sus diferentes secciones.<\/p>\n<p style=\"text-align: justify\">Despu\u00e9s, hicimos una Gymkana por toda la sala de infantil. Con esta actividad hemos aprendido a utilizar los libros de la Secci\u00f3n de Consulta de adultos, descubriendo las posibilidades que, para nuestro trabajo escolar y entretenimiento, nos ofrecen.<\/p>\n<p style=\"text-align: justify\">\u00a1Qu\u00e9 buena excursi\u00f3n!<\/p>\n<p style=\"text-align: justify\">\n<p style=\"text-align: justify\"><a href=\"https:\/\/diocesanos.es\/blogs\/leotic\/wp-content\/uploads\/sites\/17\/2015\/02\/biblioteca.jpg\"><img loading=\"lazy\" decoding=\"async\" class=\"alignnone size-medium wp-image-174\" src=\"https:\/\/diocesanos.es\/blogs\/leotic\/wp-content\/uploads\/sites\/17\/2015\/02\/biblioteca-300x225.jpg\" alt=\"biblioteca\" width=\"300\" height=\"225\" srcset=\"https:\/\/diocesanos.es\/blogs\/leotic\/wp-content\/uploads\/sites\/17\/2015\/02\/biblioteca-300x225.jpg 300w, https:\/\/diocesanos.es\/blogs\/leotic\/wp-content\/uploads\/sites\/17\/2015\/02\/biblioteca-307x230.jpg 307w, https:\/\/diocesanos.es\/blogs\/leotic\/wp-content\/uploads\/sites\/17\/2015\/02\/biblioteca.jpg 960w\" sizes=\"auto, (max-width: 300px) 100vw, 300px\" \/><\/a>\u00a0\u00a0<a href=\"https:\/\/diocesanos.es\/blogs\/leotic\/wp-content\/uploads\/sites\/17\/2015\/02\/biblioteca_2.jpg\"><img loading=\"lazy\" decoding=\"async\" class=\"alignnone size-medium wp-image-175\" src=\"https:\/\/diocesanos.es\/blogs\/leotic\/wp-content\/uploads\/sites\/17\/2015\/02\/biblioteca_2-300x225.jpg\" alt=\"biblioteca_2\" width=\"300\" height=\"225\" srcset=\"https:\/\/diocesanos.es\/blogs\/leotic\/wp-content\/uploads\/sites\/17\/2015\/02\/biblioteca_2-300x225.jpg 300w, https:\/\/diocesanos.es\/blogs\/leotic\/wp-content\/uploads\/sites\/17\/2015\/02\/biblioteca_2-307x230.jpg 307w, https:\/\/diocesanos.es\/blogs\/leotic\/wp-content\/uploads\/sites\/17\/2015\/02\/biblioteca_2.jpg 960w\" sizes=\"auto, (max-width: 300px) 100vw, 300px\" \/><\/a><\/p>\n","protected":false},"excerpt":{"rendered":"<p>Los alumnos de 1\u00ba de ESO, acompa\u00f1ados por nuestras profesoras de lengua, hemos visitado la Biblioteca P\u00fablica de \u00c1vila. En primer lugar, nos han ense\u00f1ado las instalaciones con sus diferentes secciones. Despu\u00e9s, hicimos una Gymkana por toda la sala de infantil. Con esta actividad hemos aprendido a utilizar los libros de la Secci\u00f3n de Consulta [&hellip;]<\/p>\n","protected":false},"author":35,"featured_media":0,"comment_status":"closed","ping_status":"closed","sticky":false,"template":"","format":"standard","meta":{"footnotes":""},"categories":[1],"tags":[8,12,20,2],"class_list":["post-173","post","type-post","status-publish","format-standard","hentry","category-sin-categoria","tag-colegio-diocesano","tag-eso","tag-fomento-lectura","tag-secundaria"],"_links":{"self":[{"href":"https:\/\/diocesanos.es\/blogs\/leotic\/wp-json\/wp\/v2\/posts\/173","targetHints":{"allow":["GET"]}}],"collection":[{"href":"https:\/\/diocesanos.es\/blogs\/leotic\/wp-json\/wp\/v2\/posts"}],"about":[{"href":"https:\/\/diocesanos.es\/blogs\/leotic\/wp-json\/wp\/v2\/types\/post"}],"author":[{"embeddable":true,"href":"https:\/\/diocesanos.es\/blogs\/leotic\/wp-json\/wp\/v2\/users\/35"}],"replies":[{"embeddable":true,"href":"https:\/\/diocesanos.es\/blogs\/leotic\/wp-json\/wp\/v2\/comments?post=173"}],"version-history":[{"count":0,"href":"https:\/\/diocesanos.es\/blogs\/leotic\/wp-json\/wp\/v2\/posts\/173\/revisions"}],"wp:attachment":[{"href":"https:\/\/diocesanos.es\/blogs\/leotic\/wp-json\/wp\/v2\/media?parent=173"}],"wp:term":[{"taxonomy":"category","embeddable":true,"href":"https:\/\/diocesanos.es\/blogs\/leotic\/wp-json\/wp\/v2\/categories?post=173"},{"taxonomy":"post_tag","embeddable":true,"href":"https:\/\/diocesanos.es\/blogs\/leotic\/wp-json\/wp\/v2\/tags?post=173"}],"curies":[{"name":"wp","href":"https:\/\/api.w.org\/{rel}","templated":true}]}}