{"id":1697,"date":"2015-04-23T01:47:51","date_gmt":"2015-04-22T23:47:51","guid":{"rendered":"https:\/\/diocesanos.es\/blogs\/leotic\/?p=1697"},"modified":"2015-04-27T01:50:38","modified_gmt":"2015-04-26T23:50:38","slug":"actividades-del-ayuntamiento-de-avila-para-el-dia-del-libro","status":"publish","type":"post","link":"https:\/\/diocesanos.es\/blogs\/leotic\/2015\/04\/23\/actividades-del-ayuntamiento-de-avila-para-el-dia-del-libro\/","title":{"rendered":"Actividades del Ayuntamiento de \u00c1vila para el d\u00eda del Libro"},"content":{"rendered":"<div class=\"itemIntroText\">El Ayuntamiento de \u00c1vila celebra el D\u00eda del Libro con la organizaci\u00f3n\u00a0de \u00a0diversas actividades que tendr\u00e1n lugar en nuestra capital del 20 al 28 de abril. Os animamos a participar en ellas.<\/div>\n<div class=\"itemIntroText\"><\/div>\n<div class=\"itemIntroText\"><\/div>\n<div class=\"itemIntroText\"><\/div>\n<div class=\"itemIntroText\"><img loading=\"lazy\" decoding=\"async\" class=\"aligncenter wp-image-1201 size-medium\" src=\"https:\/\/diocesanos.es\/blogs\/planlector\/wp-content\/uploads\/sites\/8\/2015\/04\/dia-internacional-libro-300x186.jpg\" alt=\"dia-internacional-libro\" width=\"300\" height=\"186\" \/><\/div>\n<div class=\"itemIntroText\">\n<div class=\"itemIntroText\"><\/div>\n<div class=\"itemIntroText\"><\/div>\n<div class=\"itemIntroText\"><\/div>\n<div class=\"itemIntroText\">\u00a0<strong>23 de abril de 2015<\/strong><br \/>\n<strong>Plaza de Santa Teresa:<\/strong><br \/>\n10:30 a 12:30 h.<strong> IV Certamen de Escritura\u00a0R\u00e1pida Ciudad de \u00c1vila.\u00a0<\/strong><span style=\"color: #0000ff;\"><a style=\"color: #0000ff;\" href=\"http:\/\/www.avila.es\/images\/Documentos%20PDF%20para%20descargar\/CULTURA%20Y%20EVENTOS\/BASES_DEL_IV_CONCURSO_DE_ESCRITURA_R%C3%81PIDA_CIUDAD_DE_%C3%81VILA_2015.pdf\" target=\"_blank\">Descargar las bases<\/a><\/span><br \/>\n12:00 h. Cuentacuentos: Ma\u00edsa Marb\u00e1n. \u00bfDequ\u00e9 hablan los ratones?<br \/>\n13:00 h. Lectura p\u00fablica de fragmentos\u00a0referidos a \u00c1vila de la obra Una hora de\u00a0Espa\u00f1a, en homenaje a Azor\u00edn.<strong>Paseo del Rastro (del 23 al 26 de abril):<\/strong><br \/>\n11 :00 h. Inauguraci\u00f3n de la Feria del Libro.<br \/>\n<strong>El Episcopio<\/strong>:<br \/>\nPresentaci\u00f3n del libro El \u00e1rbol de tu nombre,por Jorge de Arco.<\/div>\n<div class=\"itemFullText\" style=\"text-align: justify;\">\n<p><strong>24 de abril de 2015 (El Episcopio):<\/strong><br \/>\n20:00 h. Presentaci\u00f3n del libro de las Justas\u00a0Literarias, en honor a santa Teresa de Jes\u00fas.<\/p>\n<p><!--more--><\/p>\n<p><strong>Del 22 al 28 de abril:<\/strong><br \/>\nEn las Bibliotecas Municipales:<br \/>\nRastrillo del Libro.<br \/>\nCuentos con t\u00edteres a cargo de la Compa\u00f1\u00eda<br \/>\nOkarino Trapisonda.<\/p>\n<p><strong>28 de abril: (El Episcopio)<\/strong><br \/>\n20:00 h. Conferencia \u00c1vila en Azor\u00edn. Jos\u00e9 Pay\u00e1 Bernab\u00e9. Director de la Casa-Museo\u00a0Azor\u00edn. A continuaci\u00f3n tendr\u00e1 lugar la\u00a0entrega de premios del IV Certamen de<br \/>\nEscritura R\u00e1pida.<\/p>\n<p><strong>Todas las actividades son de acceso libre y gratuito.<\/strong><\/p>\n<\/div>\n<\/div>\n<p>&nbsp;<\/p>\n","protected":false},"excerpt":{"rendered":"<p>El Ayuntamiento de \u00c1vila celebra el D\u00eda del Libro con la organizaci\u00f3n\u00a0de \u00a0diversas actividades que tendr\u00e1n lugar en nuestra capital del 20 al 28 de abril. Os animamos a participar en ellas. \u00a023 de abril de 2015 Plaza de Santa Teresa: 10:30 a 12:30 h. IV Certamen de Escritura\u00a0R\u00e1pida Ciudad de \u00c1vila.\u00a0Descargar las bases 12:00 [&hellip;]<\/p>\n","protected":false},"author":1,"featured_media":0,"comment_status":"closed","ping_status":"closed","sticky":false,"template":"","format":"standard","meta":{"footnotes":""},"categories":[1],"tags":[],"class_list":["post-1697","post","type-post","status-publish","format-standard","hentry","category-sin-categoria"],"_links":{"self":[{"href":"https:\/\/diocesanos.es\/blogs\/leotic\/wp-json\/wp\/v2\/posts\/1697","targetHints":{"allow":["GET"]}}],"collection":[{"href":"https:\/\/diocesanos.es\/blogs\/leotic\/wp-json\/wp\/v2\/posts"}],"about":[{"href":"https:\/\/diocesanos.es\/blogs\/leotic\/wp-json\/wp\/v2\/types\/post"}],"author":[{"embeddable":true,"href":"https:\/\/diocesanos.es\/blogs\/leotic\/wp-json\/wp\/v2\/users\/1"}],"replies":[{"embeddable":true,"href":"https:\/\/diocesanos.es\/blogs\/leotic\/wp-json\/wp\/v2\/comments?post=1697"}],"version-history":[{"count":0,"href":"https:\/\/diocesanos.es\/blogs\/leotic\/wp-json\/wp\/v2\/posts\/1697\/revisions"}],"wp:attachment":[{"href":"https:\/\/diocesanos.es\/blogs\/leotic\/wp-json\/wp\/v2\/media?parent=1697"}],"wp:term":[{"taxonomy":"category","embeddable":true,"href":"https:\/\/diocesanos.es\/blogs\/leotic\/wp-json\/wp\/v2\/categories?post=1697"},{"taxonomy":"post_tag","embeddable":true,"href":"https:\/\/diocesanos.es\/blogs\/leotic\/wp-json\/wp\/v2\/tags?post=1697"}],"curies":[{"name":"wp","href":"https:\/\/api.w.org\/{rel}","templated":true}]}}