{"id":158,"date":"2011-03-17T10:02:47","date_gmt":"2011-03-17T09:02:47","guid":{"rendered":"https:\/\/diocesanos.es\/blogs\/leotic\/?p=158"},"modified":"2015-02-18T10:12:50","modified_gmt":"2015-02-18T09:12:50","slug":"certamen-de-relato-breve-2011","status":"publish","type":"post","link":"https:\/\/diocesanos.es\/blogs\/leotic\/2011\/03\/17\/certamen-de-relato-breve-2011\/","title":{"rendered":"Certamen de Relato Breve 2011"},"content":{"rendered":"<p><a href=\"https:\/\/diocesanos.es\/blogs\/leotic\/wp-content\/uploads\/sites\/17\/2015\/02\/certamenrelato2011.jpg\"><img loading=\"lazy\" decoding=\"async\" class=\" size-medium wp-image-159 aligncenter\" src=\"https:\/\/diocesanos.es\/blogs\/leotic\/wp-content\/uploads\/sites\/17\/2015\/02\/certamenrelato2011-300x185.jpg\" alt=\"certamenrelato2011\" width=\"300\" height=\"185\" srcset=\"https:\/\/diocesanos.es\/blogs\/leotic\/wp-content\/uploads\/sites\/17\/2015\/02\/certamenrelato2011-300x185.jpg 300w, https:\/\/diocesanos.es\/blogs\/leotic\/wp-content\/uploads\/sites\/17\/2015\/02\/certamenrelato2011-372x230.jpg 372w, https:\/\/diocesanos.es\/blogs\/leotic\/wp-content\/uploads\/sites\/17\/2015\/02\/certamenrelato2011.jpg 800w\" sizes=\"auto, (max-width: 300px) 100vw, 300px\" \/><\/a><\/p>\n<h2 style=\"text-align: center\"><strong><span style=\"color: #800000\">BASES<\/span><\/strong><\/h2>\n<p style=\"text-align: justify;padding-left: 30px\"><strong>CATEGOR\u00cdAS<\/strong><\/p>\n<p style=\"text-align: justify\"><strong>Infantil:<\/strong>\u00a0Alumnos de Educaci\u00f3n Primaria de los Colegios Diocesanos \u00abAsunci\u00f3n de Nuestra Se\u00f1ora\u00bb y \u00abPablo VI\u00bb.<br \/>\n<strong>Juvenil<\/strong>: Alumnos de Secundaria de los Colegios Diocesanos \u00abAsunci\u00f3n de Nuestra Se\u00f1ora\u00bb y \u00abPablo VI\u00bb, alumnos de Bachillerato y Ciclos Formativos del Colegio Diocesano \u00abAsunci\u00f3n de Nuestra Se\u00f1ora\u00bb y alumnos del Centro \u00abJuan XXIII\u00bb.<\/p>\n<p style=\"text-align: justify;padding-left: 30px\"><strong>TEMA<\/strong><\/p>\n<p style=\"text-align: justify\">El tema para participar en este Certamen ser\u00e1 LIBRE.<\/p>\n<p style=\"text-align: justify;padding-left: 30px\"><strong>REQUISITOS DEL ORIGINAL, FORMA DE PRESENTACI\u00d3N Y ENV\u00cdO<\/strong><\/p>\n<p style=\"text-align: justify\">Los relatos deber\u00e1n ser originales e in\u00e9ditos, y no haber sido premiados, ni reconocidos o seleccionados en otros cert\u00e1menes.<\/p>\n<p style=\"text-align: justify\">Los alumnos que deseen participar pueden presentar como m\u00e1ximo una obra. El relato breve se enviar\u00e1 por correo electr\u00f3nico a la siguiente direcci\u00f3n:<\/p>\n<p style=\"text-align: justify;padding-left: 30px\">relatobreve@dioceavila.com<\/p>\n<p style=\"text-align: justify\">en formato de letra Times New Roman a 12 puntos, no siendo el relato superior a 200 palabras, sin incluir el t\u00edtulo del mismo. En el correo electr\u00f3nico el participante pondr\u00e1 nombre y apellidos, centro educativo, curso, clase, DNI o n\u00famero de pasaporte y fecha de nacimiento, adjuntando el relato en un fichero WORD.<\/p>\n<p style=\"text-align: justify;padding-left: 30px\"><strong>FECHA L\u00cdMITE<\/strong><\/p>\n<p style=\"text-align: justify\">El plazo para la recepci\u00f3n termina el 30 de Abril de 2011.<\/p>\n<p style=\"text-align: justify;padding-left: 30px\"><strong>JURADO, FALLO Y PREMIOS<\/strong><\/p>\n<p style=\"text-align: justify\">La Organizaci\u00f3n se reserva el derecho de admitir los trabajos remitidos por los participantes, por no cumplir los requisitos establecidos o por atentar contra la sensibilidad de las personas.<\/p>\n<p style=\"text-align: justify\">Para que el Certamen se haga efectivo se necesitar\u00e1, como m\u00ednimo, la participaci\u00f3n de 50 alumnos por cada una de las categor\u00edas.<\/p>\n<p style=\"text-align: justify\">En el caso de que se supere dicha participaci\u00f3n el Certamen contar\u00e1 con la dotaci\u00f3n de tres premios en cada categor\u00eda:<\/p>\n<p style=\"text-align: justify\"><span style=\"color: #800000\">Primer Premio<\/span>: Vale de 100 euros en material escolar, electr\u00f3nico, deportivo o fotogr\u00e1fico.<br \/>\n<span style=\"color: #800000\">Segundo Premio<\/span>: 60 euros en material escolar, electr\u00f3nico o deportivo.<br \/>\n<span style=\"color: #800000\">Tercer Premio<\/span>: 30 euros en material escolar, electr\u00f3nico o deportivo.<br \/>\nEn la elecci\u00f3n de los premios participar\u00e1 un jurado compuesto por profesores de los departamentos de Lengua y Literatura del Colegio Asunci\u00f3n de Nuestra Se\u00f1ora y del Colegio Pablo VI tendr\u00e1 la facultad de declarar desierto los premios si considera que las obras presentadas no poseen calidad para obtenerlo.<\/p>\n<p style=\"text-align: justify\">La presentaci\u00f3n de los trabajos implica la cesi\u00f3n de los derechos de publicaci\u00f3n al Colegio Diocesano Asunci\u00f3n de Nuestra Se\u00f1ora.<\/p>\n<p style=\"text-align: justify;padding-left: 30px\"><strong>OTROS<\/strong><\/p>\n<p style=\"text-align: justify\">La organizaci\u00f3n se reserva la facultad de resolver cualquier contingencia no prevista en las Bases. La concurrencia a este concurso implica la aceptaci\u00f3n de las presentes bases.<\/p>\n","protected":false},"excerpt":{"rendered":"<p>BASES CATEGOR\u00cdAS Infantil:\u00a0Alumnos de Educaci\u00f3n Primaria de los Colegios Diocesanos \u00abAsunci\u00f3n de Nuestra Se\u00f1ora\u00bb y \u00abPablo VI\u00bb. Juvenil: Alumnos de Secundaria de los Colegios Diocesanos \u00abAsunci\u00f3n de Nuestra Se\u00f1ora\u00bb y \u00abPablo VI\u00bb, alumnos de Bachillerato y Ciclos Formativos del Colegio Diocesano \u00abAsunci\u00f3n de Nuestra Se\u00f1ora\u00bb y alumnos del Centro \u00abJuan XXIII\u00bb. TEMA El tema para [&hellip;]<\/p>\n","protected":false},"author":35,"featured_media":0,"comment_status":"closed","ping_status":"closed","sticky":false,"template":"","format":"standard","meta":{"footnotes":""},"categories":[1],"tags":[5,15,8,6,13,4,3,12,9,2],"class_list":["post-158","post","type-post","status-publish","format-standard","hentry","category-sin-categoria","tag-bachillerato","tag-ciclos-formativos","tag-colegio-diocesano","tag-concurso","tag-creacion-literaria","tag-creatividad","tag-escritura","tag-eso","tag-primaria","tag-secundaria"],"_links":{"self":[{"href":"https:\/\/diocesanos.es\/blogs\/leotic\/wp-json\/wp\/v2\/posts\/158","targetHints":{"allow":["GET"]}}],"collection":[{"href":"https:\/\/diocesanos.es\/blogs\/leotic\/wp-json\/wp\/v2\/posts"}],"about":[{"href":"https:\/\/diocesanos.es\/blogs\/leotic\/wp-json\/wp\/v2\/types\/post"}],"author":[{"embeddable":true,"href":"https:\/\/diocesanos.es\/blogs\/leotic\/wp-json\/wp\/v2\/users\/35"}],"replies":[{"embeddable":true,"href":"https:\/\/diocesanos.es\/blogs\/leotic\/wp-json\/wp\/v2\/comments?post=158"}],"version-history":[{"count":0,"href":"https:\/\/diocesanos.es\/blogs\/leotic\/wp-json\/wp\/v2\/posts\/158\/revisions"}],"wp:attachment":[{"href":"https:\/\/diocesanos.es\/blogs\/leotic\/wp-json\/wp\/v2\/media?parent=158"}],"wp:term":[{"taxonomy":"category","embeddable":true,"href":"https:\/\/diocesanos.es\/blogs\/leotic\/wp-json\/wp\/v2\/categories?post=158"},{"taxonomy":"post_tag","embeddable":true,"href":"https:\/\/diocesanos.es\/blogs\/leotic\/wp-json\/wp\/v2\/tags?post=158"}],"curies":[{"name":"wp","href":"https:\/\/api.w.org\/{rel}","templated":true}]}}