{"id":120,"date":"2013-05-17T09:27:45","date_gmt":"2013-05-17T07:27:45","guid":{"rendered":"https:\/\/diocesanos.es\/blogs\/leotic\/?p=120"},"modified":"2015-02-13T09:33:15","modified_gmt":"2015-02-13T08:33:15","slug":"ii-certamen-de-escritura-rapida","status":"publish","type":"post","link":"https:\/\/diocesanos.es\/blogs\/leotic\/2013\/05\/17\/ii-certamen-de-escritura-rapida\/","title":{"rendered":"II Certamen de Escritura r\u00e1pida"},"content":{"rendered":"<p>Por segundo a\u00f1o, el <a href=\"http:\/\/www.avila.es\/\">Ayuntamiento de \u00c1vila<\/a> ha convocado, \u00a0el II Certamen de Escritura R\u00e1pida, con motivo de la celebraci\u00f3n del D\u00eda del Libro.<\/p>\n<p style=\"text-align: justify\">\n<p style=\"text-align: justify\"><a href=\"https:\/\/diocesanos.es\/blogs\/leotic\/wp-content\/uploads\/sites\/17\/2015\/02\/dia-libro.jpg\"><img loading=\"lazy\" decoding=\"async\" class=\" size-medium wp-image-121 aligncenter\" src=\"https:\/\/diocesanos.es\/blogs\/leotic\/wp-content\/uploads\/sites\/17\/2015\/02\/dia-libro-300x155.jpg\" alt=\"dia libro\" width=\"300\" height=\"155\" srcset=\"https:\/\/diocesanos.es\/blogs\/leotic\/wp-content\/uploads\/sites\/17\/2015\/02\/dia-libro-300x155.jpg 300w, https:\/\/diocesanos.es\/blogs\/leotic\/wp-content\/uploads\/sites\/17\/2015\/02\/dia-libro-445x230.jpg 445w, https:\/\/diocesanos.es\/blogs\/leotic\/wp-content\/uploads\/sites\/17\/2015\/02\/dia-libro.jpg 644w\" sizes=\"auto, (max-width: 300px) 100vw, 300px\" \/><\/a><\/p>\n<p style=\"text-align: justify\">De los sesenta y tres microrelatos presentados, tenemos entre nosotros dos seleccionados: <strong>Pablo Mortera<\/strong> Franco, alumno de 1\u00ba de ESO D, que consigui\u00f3 el segundo premio en la Categor\u00eda A, y <strong>Pablo Ruiz<\/strong> Blanco, de 1\u00ba de ESO E, tambi\u00e9n seleccionado.<\/p>\n<p style=\"text-align: justify\">\u00a1Felicidades! \u00a1\u00c1nimo y adelante, chicos!<\/p>\n<p style=\"text-align: justify\">Los dos seleccionados son miembros de nuestro <strong>CLUB DE LECTURA<\/strong>.<br \/>\nA este Club asisten alumnos de 1\u00ba y de 2\u00ba de ESO.<\/p>\n<p style=\"text-align: justify\">Se trata de una actividad que pretende aumentar el gusto y el inter\u00e9s por los libros y por la literatura.<br \/>\nDesde luego, va dando buenos resultados.<\/p>\n<p><strong>TODO BUEN ESCRITOR TIENE SIEMPRE UN COMIENZO Y \u00c9STE ES EL VUESTRO<\/strong><\/p>\n","protected":false},"excerpt":{"rendered":"<p>Por segundo a\u00f1o, el Ayuntamiento de \u00c1vila ha convocado, \u00a0el II Certamen de Escritura R\u00e1pida, con motivo de la celebraci\u00f3n del D\u00eda del Libro. De los sesenta y tres microrelatos presentados, tenemos entre nosotros dos seleccionados: Pablo Mortera Franco, alumno de 1\u00ba de ESO D, que consigui\u00f3 el segundo premio en la Categor\u00eda A, y [&hellip;]<\/p>\n","protected":false},"author":35,"featured_media":0,"comment_status":"closed","ping_status":"closed","sticky":false,"template":"","format":"standard","meta":{"footnotes":""},"categories":[1],"tags":[8,6,13,16,3,12,14],"class_list":["post-120","post","type-post","status-publish","format-standard","hentry","category-sin-categoria","tag-colegio-diocesano","tag-concurso","tag-creacion-literaria","tag-escribir","tag-escritura","tag-eso","tag-premio"],"_links":{"self":[{"href":"https:\/\/diocesanos.es\/blogs\/leotic\/wp-json\/wp\/v2\/posts\/120","targetHints":{"allow":["GET"]}}],"collection":[{"href":"https:\/\/diocesanos.es\/blogs\/leotic\/wp-json\/wp\/v2\/posts"}],"about":[{"href":"https:\/\/diocesanos.es\/blogs\/leotic\/wp-json\/wp\/v2\/types\/post"}],"author":[{"embeddable":true,"href":"https:\/\/diocesanos.es\/blogs\/leotic\/wp-json\/wp\/v2\/users\/35"}],"replies":[{"embeddable":true,"href":"https:\/\/diocesanos.es\/blogs\/leotic\/wp-json\/wp\/v2\/comments?post=120"}],"version-history":[{"count":0,"href":"https:\/\/diocesanos.es\/blogs\/leotic\/wp-json\/wp\/v2\/posts\/120\/revisions"}],"wp:attachment":[{"href":"https:\/\/diocesanos.es\/blogs\/leotic\/wp-json\/wp\/v2\/media?parent=120"}],"wp:term":[{"taxonomy":"category","embeddable":true,"href":"https:\/\/diocesanos.es\/blogs\/leotic\/wp-json\/wp\/v2\/categories?post=120"},{"taxonomy":"post_tag","embeddable":true,"href":"https:\/\/diocesanos.es\/blogs\/leotic\/wp-json\/wp\/v2\/tags?post=120"}],"curies":[{"name":"wp","href":"https:\/\/api.w.org\/{rel}","templated":true}]}}